{"id":8057,"date":"2026-03-08T09:00:00","date_gmt":"2026-03-08T08:00:00","guid":{"rendered":"https:\/\/www.imancorp.es\/?p=8057"},"modified":"2026-03-11T12:05:23","modified_gmt":"2026-03-11T11:05:23","slug":"igualdad-en-seguridad","status":"publish","type":"post","link":"https:\/\/www.imancorp.es\/ca\/2026\/03\/08\/igualdad-en-seguridad\/","title":{"rendered":"IGUALDAD EN SEGURIDAD"},"content":{"rendered":"<div data-elementor-type=\"wp-post\" data-elementor-id=\"8057\" class=\"elementor elementor-8057\" data-elementor-post-type=\"post\">\n\t\t\t\t<div class=\"elementor-element elementor-element-d87c86d e-flex e-con-boxed e-con e-parent\" data-id=\"d87c86d\" data-element_type=\"container\" data-e-type=\"container\">\n\t\t\t\t\t<div class=\"e-con-inner\">\n\t\t\t\t<div class=\"elementor-element elementor-element-307677c elementor-widget elementor-widget-text-editor\" data-id=\"307677c\" data-element_type=\"widget\" data-e-type=\"widget\" data-widget_type=\"text-editor.default\">\n\t\t\t\t<div class=\"elementor-widget-container\">\n\t\t\t\t\t\t\t\t\t<p>Con motivo del 8 de marzo, hemos recogido la visi\u00f3n de dos mujeres con puestos de responsabilidad dentro del sector de la seguridad privada: Mar\u00eda Romero, Jefa de Servicios de Seguridad y Delegada de Catalu\u00f1a, y Mar\u00eda Jos\u00e9 Lozano, Jefa de equipo en el Parque Hospitalario de San Juan de Dios de Sant Boi.<br \/>Sus trayectorias y experiencias no son id\u00e9nticas, pero al analizar sus respuestas emergen coincidencias claras que reflejan hacia d\u00f3nde est\u00e1 avanzando el sector.<\/p>\t\t\t\t\t\t\t\t<\/div>\n\t\t\t\t<\/div>\n\t\t\t\t<div class=\"elementor-element elementor-element-1b56446 elementor-widget elementor-widget-heading\" data-id=\"1b56446\" data-element_type=\"widget\" data-e-type=\"widget\" data-widget_type=\"heading.default\">\n\t\t\t\t<div class=\"elementor-widget-container\">\n\t\t\t\t\t<h3 class=\"elementor-heading-title elementor-size-default\">El 8M: visibilidad y normalidad<\/h3>\t\t\t\t<\/div>\n\t\t\t\t<\/div>\n\t\t\t\t<div class=\"elementor-element elementor-element-3d79a8c elementor-widget elementor-widget-text-editor\" data-id=\"3d79a8c\" data-element_type=\"widget\" data-e-type=\"widget\" data-widget_type=\"text-editor.default\">\n\t\t\t\t<div class=\"elementor-widget-container\">\n\t\t\t\t\t\t\t\t\t<p>Ambas perspectivas confluyen en una idea com\u00fan: la igualdad debe ser real y tangible en el d\u00eda a d\u00eda. El 8 de marzo sirve para recordar el camino recorrido y reforzar la visibilidad de la mujer en seguridad, pero el verdadero avance se consolida cuando la profesionalidad y el liderazgo femenino se viven con normalidad, sin necesidad de justificaci\u00f3n.<\/p>\t\t\t\t\t\t\t\t<\/div>\n\t\t\t\t<\/div>\n\t\t\t\t<div class=\"elementor-element elementor-element-91e062e elementor-widget elementor-widget-heading\" data-id=\"91e062e\" data-element_type=\"widget\" data-e-type=\"widget\" data-widget_type=\"heading.default\">\n\t\t\t\t<div class=\"elementor-widget-container\">\n\t\t\t\t\t<h3 class=\"elementor-heading-title elementor-size-default\">Liderazgo basado en la val\u00eda<\/h3>\t\t\t\t<\/div>\n\t\t\t\t<\/div>\n\t\t\t\t<div class=\"elementor-element elementor-element-199fc8b elementor-widget elementor-widget-text-editor\" data-id=\"199fc8b\" data-element_type=\"widget\" data-e-type=\"widget\" data-widget_type=\"text-editor.default\">\n\t\t\t\t<div class=\"elementor-widget-container\">\n\t\t\t\t\t\t\t\t\t<p>Existe un punto de encuentro claro: ocupar puestos de responsabilidad implica aportar valor a\u00f1adido, preparaci\u00f3n y resultados. El liderazgo no se sostiene en el g\u00e9nero, sino en la competencia profesional, la coherencia en la toma de decisiones y el compromiso con el equipo.<br \/>Ambas visiones coinciden en que el respeto se construye con trabajo constante, criterio y seguridad profesional.<\/p>\t\t\t\t\t\t\t\t<\/div>\n\t\t\t\t<\/div>\n\t\t\t\t<div class=\"elementor-element elementor-element-c420ba7 elementor-widget elementor-widget-heading\" data-id=\"c420ba7\" data-element_type=\"widget\" data-e-type=\"widget\" data-widget_type=\"heading.default\">\n\t\t\t\t<div class=\"elementor-widget-container\">\n\t\t\t\t\t<h3 class=\"elementor-heading-title elementor-size-default\">Igualdad real: avances con retos pendientes<\/h3>\t\t\t\t<\/div>\n\t\t\t\t<\/div>\n\t\t\t\t<div class=\"elementor-element elementor-element-07b6bf9 elementor-widget elementor-widget-text-editor\" data-id=\"07b6bf9\" data-element_type=\"widget\" data-e-type=\"widget\" data-widget_type=\"text-editor.default\">\n\t\t\t\t<div class=\"elementor-widget-container\">\n\t\t\t\t\t\t\t\t\t<p>El sector ha evolucionado y la presencia femenina es cada vez mayor, especialmente en nuevas incorporaciones y etapas formativas. Sin embargo, tambi\u00e9n se reconoce que el proceso no est\u00e1 completamente cerrado.<br \/>El principal reto compartido es la conciliaci\u00f3n familiar, que contin\u00faa siendo uno de los factores que condiciona el acceso a puestos de mayor responsabilidad. Impulsar medidas que faciliten este equilibrio es clave para seguir avanzando.<\/p>\t\t\t\t\t\t\t\t<\/div>\n\t\t\t\t<\/div>\n\t\t\t\t\t<\/div>\n\t\t\t\t<\/div>\n\t\t<div class=\"elementor-element elementor-element-6d60459 e-flex e-con-boxed e-con e-parent\" data-id=\"6d60459\" data-element_type=\"container\" data-e-type=\"container\">\n\t\t\t\t\t<div class=\"e-con-inner\">\n\t\t\t\t<div class=\"elementor-element elementor-element-cbc5152 elementor-widget elementor-widget-heading\" data-id=\"cbc5152\" data-element_type=\"widget\" data-e-type=\"widget\" data-widget_type=\"heading.default\">\n\t\t\t\t<div class=\"elementor-widget-container\">\n\t\t\t\t\t<h3 class=\"elementor-heading-title elementor-size-default\">Un relevo generacional que marca tendencia<\/h3>\t\t\t\t<\/div>\n\t\t\t\t<\/div>\n\t\t\t\t<div class=\"elementor-element elementor-element-f257cbd elementor-widget elementor-widget-text-editor\" data-id=\"f257cbd\" data-element_type=\"widget\" data-e-type=\"widget\" data-widget_type=\"text-editor.default\">\n\t\t\t\t<div class=\"elementor-widget-container\">\n\t\t\t\t\t\t\t\t\t<p>Aunque la seguridad privada sigue siendo, en t\u00e9rminos generales, un sector masculinizado, comienzan a observarse se\u00f1ales de cambio. Uno de los indicadores m\u00e1s significativos se da en las etapas de acceso: en los periodos de pr\u00e1cticas, la participaci\u00f3n femenina est\u00e1 siendo cada vez m\u00e1s elevada, incluso superior a la masculina en determinados entornos.<br \/>Este dato no implica que la transformaci\u00f3n est\u00e9 completada, pero s\u00ed anticipa una evoluci\u00f3n progresiva. Las nuevas generaciones llegan con una presencia femenina m\u00e1s destacada, lo que apunta a un futuro m\u00e1s equilibrado si el sector contin\u00faa apostando por la igualdad de oportunidades y el desarrollo profesional sin sesgos.<\/p>\t\t\t\t\t\t\t\t<\/div>\n\t\t\t\t<\/div>\n\t\t\t\t<div class=\"elementor-element elementor-element-d73b421 elementor-widget elementor-widget-heading\" data-id=\"d73b421\" data-element_type=\"widget\" data-e-type=\"widget\" data-widget_type=\"heading.default\">\n\t\t\t\t<div class=\"elementor-widget-container\">\n\t\t\t\t\t<h3 class=\"elementor-heading-title elementor-size-default\">Lo que aporta la diversidad<\/h3>\t\t\t\t<\/div>\n\t\t\t\t<\/div>\n\t\t\t\t<div class=\"elementor-element elementor-element-bfa449d elementor-widget elementor-widget-text-editor\" data-id=\"bfa449d\" data-element_type=\"widget\" data-e-type=\"widget\" data-widget_type=\"text-editor.default\">\n\t\t\t\t<div class=\"elementor-widget-container\">\n\t\t\t\t\t\t\t\t\t<p>Ambas coinciden en destacar el valor que aporta la presencia femenina en los equipos de seguridad. La capacidad de negociaci\u00f3n, la empat\u00eda y la gesti\u00f3n de conflictos desde la desescalada verbal mejoran la respuesta operativa.<br \/>Adem\u00e1s, la preparaci\u00f3n t\u00e9cnica y f\u00edsica de las profesionales actuales responde plenamente a las exigencias del sector, reforzando la idea de que la competencia es cuesti\u00f3n de formaci\u00f3n y compromiso, no de g\u00e9nero.<\/p>\t\t\t\t\t\t\t\t<\/div>\n\t\t\t\t<\/div>\n\t\t\t\t<div class=\"elementor-element elementor-element-4d5a492 elementor-widget elementor-widget-heading\" data-id=\"4d5a492\" data-element_type=\"widget\" data-e-type=\"widget\" data-widget_type=\"heading.default\">\n\t\t\t\t<div class=\"elementor-widget-container\">\n\t\t\t\t\t<h3 class=\"elementor-heading-title elementor-size-default\">Mirando al futuro<\/h3>\t\t\t\t<\/div>\n\t\t\t\t<\/div>\n\t\t\t\t<div class=\"elementor-element elementor-element-e1214cf elementor-widget elementor-widget-text-editor\" data-id=\"e1214cf\" data-element_type=\"widget\" data-e-type=\"widget\" data-widget_type=\"text-editor.default\">\n\t\t\t\t<div class=\"elementor-widget-container\">\n\t\t\t\t\t\t\t\t\t<p>El mensaje compartido hacia las nuevas generaciones es claro: confianza, empoderamiento y ausencia de prejuicios. La seguridad privada evoluciona hacia modelos m\u00e1s tecnol\u00f3gicos y estrat\u00e9gicos, donde las competencias profesionales son cada vez m\u00e1s amplias y donde el talento debe valorarse sin etiquetas.<\/p><p>En definitiva, m\u00e1s all\u00e1 de matices individuales, ambas trayectorias convergen en un mismo objetivo: consolidar un sector m\u00e1s diverso, donde la igualdad no sea una excepci\u00f3n ni una reivindicaci\u00f3n puntual, sino una realidad integrada en la cultura profesional.<\/p><p>\u00a0<\/p><p>Para complementar este art\u00edculo y profundizar en una de las experiencias recogidas, hemos realizado un peque\u00f1o v\u00eddeo entrevistando a Mar\u00eda Jos\u00e9 Lozano, donde comparte en primera persona su trayectoria, su visi\u00f3n sobre el liderazgo en seguridad y su reflexi\u00f3n en torno al 8 de marzo.<\/p>\t\t\t\t\t\t\t\t<\/div>\n\t\t\t\t<\/div>\n\t\t\t\t<div class=\"elementor-element elementor-element-65a60d2 elementor-widget elementor-widget-video\" data-id=\"65a60d2\" data-element_type=\"widget\" data-e-type=\"widget\" data-settings=\"{&quot;youtube_url&quot;:&quot;https:\\\/\\\/www.youtube.com\\\/watch?v=6F0ryPWJQbs&quot;,&quot;video_type&quot;:&quot;youtube&quot;,&quot;controls&quot;:&quot;yes&quot;}\" data-widget_type=\"video.default\">\n\t\t\t\t<div class=\"elementor-widget-container\">\n\t\t\t\t\t\t\t<div class=\"elementor-wrapper elementor-open-inline\">\n\t\t\t<div class=\"elementor-video\"><\/div>\t\t<\/div>\n\t\t\t\t\t\t<\/div>\n\t\t\t\t<\/div>\n\t\t\t\t\t<\/div>\n\t\t\t\t<\/div>\n\t\t\t\t<\/div>","protected":false},"excerpt":{"rendered":"<p>Con motivo del 8 de marzo, hemos recogido la visi\u00f3n de dos mujeres con puestos de responsabilidad dentro del sector de la seguridad privada: Mar\u00eda Romero, Jefa de Servicios de Seguridad y Delegada de Catalu\u00f1a, y Mar\u00eda Jos\u00e9 Lozano, Jefa de equipo en el Parque Hospitalario de San Juan de Dios de Sant Boi.Sus trayectorias [&hellip;]<\/p>\n","protected":false},"author":2,"featured_media":8059,"comment_status":"closed","ping_status":"closed","sticky":false,"template":"","format":"standard","meta":{"_monsterinsights_skip_tracking":false,"_monsterinsights_sitenote_active":false,"_monsterinsights_sitenote_note":"","_monsterinsights_sitenote_category":0,"footnotes":""},"categories":[10,131],"tags":[277,281,280,279,278],"class_list":["post-8057","post","type-post","status-publish","format-standard","has-post-thumbnail","hentry","category-news","category-noticies","tag-dia-internacional-de-la-muje","tag-evolucion-del-sector","tag-gestion-de-equipos","tag-liderazgo-femenino","tag-mujer-y-seguridad"],"yoast_head":"<!-- This site is optimized with the Yoast SEO plugin v27.2 - https:\/\/yoast.com\/product\/yoast-seo-wordpress\/ -->\n<title>liderazgo femenino en seguridad privada<\/title>\n<meta name=\"description\" content=\"Descubre la visi\u00f3n de dos mujeres con puestos de responsabilidad en seguridad privada y c\u00f3mo evoluciona el liderazgo femenino en el sector.\" \/>\n<meta name=\"robots\" content=\"index, follow, max-snippet:-1, max-image-preview:large, max-video-preview:-1\" \/>\n<link rel=\"canonical\" href=\"https:\/\/www.imancorp.es\/ca\/2026\/03\/08\/igualdad-en-seguridad\/\" \/>\n<meta property=\"og:locale\" content=\"ca_ES\" \/>\n<meta property=\"og:type\" content=\"article\" \/>\n<meta property=\"og:title\" content=\"liderazgo femenino en seguridad privada\" \/>\n<meta property=\"og:description\" content=\"Descubre la visi\u00f3n de dos mujeres con puestos de responsabilidad en seguridad privada y c\u00f3mo evoluciona el liderazgo femenino en el sector.\" \/>\n<meta property=\"og:url\" content=\"https:\/\/www.imancorp.es\/ca\/2026\/03\/08\/igualdad-en-seguridad\/\" \/>\n<meta property=\"og:site_name\" content=\"IMAN\" \/>\n<meta property=\"article:published_time\" content=\"2026-03-08T08:00:00+00:00\" \/>\n<meta property=\"article:modified_time\" content=\"2026-03-11T11:05:23+00:00\" \/>\n<meta property=\"og:image\" content=\"https:\/\/www.imancorp.es\/wp-content\/uploads\/2026\/03\/8M-EN-IMAN-SEGURIDAD.png\" \/>\n\t<meta property=\"og:image:width\" content=\"810\" \/>\n\t<meta property=\"og:image:height\" content=\"450\" \/>\n\t<meta property=\"og:image:type\" content=\"image\/png\" \/>\n<meta name=\"author\" content=\"IMAN MKT\" \/>\n<meta name=\"twitter:card\" content=\"summary_large_image\" \/>\n<meta name=\"twitter:label1\" content=\"Escrit per\" \/>\n\t<meta name=\"twitter:data1\" content=\"IMAN MKT\" \/>\n\t<meta name=\"twitter:label2\" content=\"Temps estimat de lectura\" \/>\n\t<meta name=\"twitter:data2\" content=\"3 minuts\" \/>\n<script type=\"application\/ld+json\" class=\"yoast-schema-graph\">{\"@context\":\"https:\/\/schema.org\",\"@graph\":[{\"@type\":\"Article\",\"@id\":\"https:\/\/www.imancorp.es\/2026\/03\/08\/igualdad-en-seguridad\/#article\",\"isPartOf\":{\"@id\":\"https:\/\/www.imancorp.es\/2026\/03\/08\/igualdad-en-seguridad\/\"},\"author\":{\"name\":\"IMAN MKT\",\"@id\":\"https:\/\/www.imancorp.es\/#\/schema\/person\/a3137806a7fee6488144ac2b5a5c3335\"},\"headline\":\"IGUALDAD EN SEGURIDAD\",\"datePublished\":\"2026-03-08T08:00:00+00:00\",\"dateModified\":\"2026-03-11T11:05:23+00:00\",\"mainEntityOfPage\":{\"@id\":\"https:\/\/www.imancorp.es\/2026\/03\/08\/igualdad-en-seguridad\/\"},\"wordCount\":646,\"publisher\":{\"@id\":\"https:\/\/www.imancorp.es\/#organization\"},\"image\":{\"@id\":\"https:\/\/www.imancorp.es\/2026\/03\/08\/igualdad-en-seguridad\/#primaryimage\"},\"thumbnailUrl\":\"https:\/\/www.imancorp.es\/wp-content\/uploads\/2026\/03\/8M-EN-IMAN-SEGURIDAD.png\",\"keywords\":[\"D\u00eda Internacional de la Muje\",\"Evoluci\u00f3n del sector\",\"Gesti\u00f3n de equipos\",\"Liderazgo femenino\",\"Mujer y seguridad\"],\"articleSection\":[\"News\",\"Not\u00edcies\"],\"inLanguage\":\"ca\"},{\"@type\":\"WebPage\",\"@id\":\"https:\/\/www.imancorp.es\/2026\/03\/08\/igualdad-en-seguridad\/\",\"url\":\"https:\/\/www.imancorp.es\/2026\/03\/08\/igualdad-en-seguridad\/\",\"name\":\"liderazgo femenino en seguridad privada\",\"isPartOf\":{\"@id\":\"https:\/\/www.imancorp.es\/#website\"},\"primaryImageOfPage\":{\"@id\":\"https:\/\/www.imancorp.es\/2026\/03\/08\/igualdad-en-seguridad\/#primaryimage\"},\"image\":{\"@id\":\"https:\/\/www.imancorp.es\/2026\/03\/08\/igualdad-en-seguridad\/#primaryimage\"},\"thumbnailUrl\":\"https:\/\/www.imancorp.es\/wp-content\/uploads\/2026\/03\/8M-EN-IMAN-SEGURIDAD.png\",\"datePublished\":\"2026-03-08T08:00:00+00:00\",\"dateModified\":\"2026-03-11T11:05:23+00:00\",\"description\":\"Descubre la visi\u00f3n de dos mujeres con puestos de responsabilidad en seguridad privada y c\u00f3mo evoluciona el liderazgo femenino en el sector.\",\"breadcrumb\":{\"@id\":\"https:\/\/www.imancorp.es\/2026\/03\/08\/igualdad-en-seguridad\/#breadcrumb\"},\"inLanguage\":\"ca\",\"potentialAction\":[{\"@type\":\"ReadAction\",\"target\":[\"https:\/\/www.imancorp.es\/2026\/03\/08\/igualdad-en-seguridad\/\"]}]},{\"@type\":\"ImageObject\",\"inLanguage\":\"ca\",\"@id\":\"https:\/\/www.imancorp.es\/2026\/03\/08\/igualdad-en-seguridad\/#primaryimage\",\"url\":\"https:\/\/www.imancorp.es\/wp-content\/uploads\/2026\/03\/8M-EN-IMAN-SEGURIDAD.png\",\"contentUrl\":\"https:\/\/www.imancorp.es\/wp-content\/uploads\/2026\/03\/8M-EN-IMAN-SEGURIDAD.png\",\"width\":810,\"height\":450},{\"@type\":\"BreadcrumbList\",\"@id\":\"https:\/\/www.imancorp.es\/2026\/03\/08\/igualdad-en-seguridad\/#breadcrumb\",\"itemListElement\":[{\"@type\":\"ListItem\",\"position\":1,\"name\":\"Portada\",\"item\":\"https:\/\/www.imancorp.es\/\"},{\"@type\":\"ListItem\",\"position\":2,\"name\":\"IGUALDAD EN SEGURIDAD\"}]},{\"@type\":\"WebSite\",\"@id\":\"https:\/\/www.imancorp.es\/#website\",\"url\":\"https:\/\/www.imancorp.es\/\",\"name\":\"IMAN\",\"description\":\"\",\"publisher\":{\"@id\":\"https:\/\/www.imancorp.es\/#organization\"},\"potentialAction\":[{\"@type\":\"SearchAction\",\"target\":{\"@type\":\"EntryPoint\",\"urlTemplate\":\"https:\/\/www.imancorp.es\/?s={search_term_string}\"},\"query-input\":{\"@type\":\"PropertyValueSpecification\",\"valueRequired\":true,\"valueName\":\"search_term_string\"}}],\"inLanguage\":\"ca\"},{\"@type\":\"Organization\",\"@id\":\"https:\/\/www.imancorp.es\/#organization\",\"name\":\"IMAN\",\"url\":\"https:\/\/www.imancorp.es\/\",\"logo\":{\"@type\":\"ImageObject\",\"inLanguage\":\"ca\",\"@id\":\"https:\/\/www.imancorp.es\/#\/schema\/logo\/image\/\",\"url\":\"https:\/\/www.imancorp.es\/wp-content\/uploads\/2024\/03\/Logotipo-IMAN.png\",\"contentUrl\":\"https:\/\/www.imancorp.es\/wp-content\/uploads\/2024\/03\/Logotipo-IMAN.png\",\"width\":554,\"height\":150,\"caption\":\"IMAN\"},\"image\":{\"@id\":\"https:\/\/www.imancorp.es\/#\/schema\/logo\/image\/\"}},{\"@type\":\"Person\",\"@id\":\"https:\/\/www.imancorp.es\/#\/schema\/person\/a3137806a7fee6488144ac2b5a5c3335\",\"name\":\"IMAN MKT\"}]}<\/script>\n<!-- \/ Yoast SEO plugin. -->","yoast_head_json":{"title":"liderazgo femenino en seguridad privada","description":"Descubre la visi\u00f3n de dos mujeres con puestos de responsabilidad en seguridad privada y c\u00f3mo evoluciona el liderazgo femenino en el sector.","robots":{"index":"index","follow":"follow","max-snippet":"max-snippet:-1","max-image-preview":"max-image-preview:large","max-video-preview":"max-video-preview:-1"},"canonical":"https:\/\/www.imancorp.es\/ca\/2026\/03\/08\/igualdad-en-seguridad\/","og_locale":"ca_ES","og_type":"article","og_title":"liderazgo femenino en seguridad privada","og_description":"Descubre la visi\u00f3n de dos mujeres con puestos de responsabilidad en seguridad privada y c\u00f3mo evoluciona el liderazgo femenino en el sector.","og_url":"https:\/\/www.imancorp.es\/ca\/2026\/03\/08\/igualdad-en-seguridad\/","og_site_name":"IMAN","article_published_time":"2026-03-08T08:00:00+00:00","article_modified_time":"2026-03-11T11:05:23+00:00","og_image":[{"width":810,"height":450,"url":"https:\/\/www.imancorp.es\/wp-content\/uploads\/2026\/03\/8M-EN-IMAN-SEGURIDAD.png","type":"image\/png"}],"author":"IMAN MKT","twitter_card":"summary_large_image","twitter_misc":{"Escrit per":"IMAN MKT","Temps estimat de lectura":"3 minuts"},"schema":{"@context":"https:\/\/schema.org","@graph":[{"@type":"Article","@id":"https:\/\/www.imancorp.es\/2026\/03\/08\/igualdad-en-seguridad\/#article","isPartOf":{"@id":"https:\/\/www.imancorp.es\/2026\/03\/08\/igualdad-en-seguridad\/"},"author":{"name":"IMAN MKT","@id":"https:\/\/www.imancorp.es\/#\/schema\/person\/a3137806a7fee6488144ac2b5a5c3335"},"headline":"IGUALDAD EN SEGURIDAD","datePublished":"2026-03-08T08:00:00+00:00","dateModified":"2026-03-11T11:05:23+00:00","mainEntityOfPage":{"@id":"https:\/\/www.imancorp.es\/2026\/03\/08\/igualdad-en-seguridad\/"},"wordCount":646,"publisher":{"@id":"https:\/\/www.imancorp.es\/#organization"},"image":{"@id":"https:\/\/www.imancorp.es\/2026\/03\/08\/igualdad-en-seguridad\/#primaryimage"},"thumbnailUrl":"https:\/\/www.imancorp.es\/wp-content\/uploads\/2026\/03\/8M-EN-IMAN-SEGURIDAD.png","keywords":["D\u00eda Internacional de la Muje","Evoluci\u00f3n del sector","Gesti\u00f3n de equipos","Liderazgo femenino","Mujer y seguridad"],"articleSection":["News","Not\u00edcies"],"inLanguage":"ca"},{"@type":"WebPage","@id":"https:\/\/www.imancorp.es\/2026\/03\/08\/igualdad-en-seguridad\/","url":"https:\/\/www.imancorp.es\/2026\/03\/08\/igualdad-en-seguridad\/","name":"liderazgo femenino en seguridad privada","isPartOf":{"@id":"https:\/\/www.imancorp.es\/#website"},"primaryImageOfPage":{"@id":"https:\/\/www.imancorp.es\/2026\/03\/08\/igualdad-en-seguridad\/#primaryimage"},"image":{"@id":"https:\/\/www.imancorp.es\/2026\/03\/08\/igualdad-en-seguridad\/#primaryimage"},"thumbnailUrl":"https:\/\/www.imancorp.es\/wp-content\/uploads\/2026\/03\/8M-EN-IMAN-SEGURIDAD.png","datePublished":"2026-03-08T08:00:00+00:00","dateModified":"2026-03-11T11:05:23+00:00","description":"Descubre la visi\u00f3n de dos mujeres con puestos de responsabilidad en seguridad privada y c\u00f3mo evoluciona el liderazgo femenino en el sector.","breadcrumb":{"@id":"https:\/\/www.imancorp.es\/2026\/03\/08\/igualdad-en-seguridad\/#breadcrumb"},"inLanguage":"ca","potentialAction":[{"@type":"ReadAction","target":["https:\/\/www.imancorp.es\/2026\/03\/08\/igualdad-en-seguridad\/"]}]},{"@type":"ImageObject","inLanguage":"ca","@id":"https:\/\/www.imancorp.es\/2026\/03\/08\/igualdad-en-seguridad\/#primaryimage","url":"https:\/\/www.imancorp.es\/wp-content\/uploads\/2026\/03\/8M-EN-IMAN-SEGURIDAD.png","contentUrl":"https:\/\/www.imancorp.es\/wp-content\/uploads\/2026\/03\/8M-EN-IMAN-SEGURIDAD.png","width":810,"height":450},{"@type":"BreadcrumbList","@id":"https:\/\/www.imancorp.es\/2026\/03\/08\/igualdad-en-seguridad\/#breadcrumb","itemListElement":[{"@type":"ListItem","position":1,"name":"Portada","item":"https:\/\/www.imancorp.es\/"},{"@type":"ListItem","position":2,"name":"IGUALDAD EN SEGURIDAD"}]},{"@type":"WebSite","@id":"https:\/\/www.imancorp.es\/#website","url":"https:\/\/www.imancorp.es\/","name":"IMAN","description":"","publisher":{"@id":"https:\/\/www.imancorp.es\/#organization"},"potentialAction":[{"@type":"SearchAction","target":{"@type":"EntryPoint","urlTemplate":"https:\/\/www.imancorp.es\/?s={search_term_string}"},"query-input":{"@type":"PropertyValueSpecification","valueRequired":true,"valueName":"search_term_string"}}],"inLanguage":"ca"},{"@type":"Organization","@id":"https:\/\/www.imancorp.es\/#organization","name":"IMAN","url":"https:\/\/www.imancorp.es\/","logo":{"@type":"ImageObject","inLanguage":"ca","@id":"https:\/\/www.imancorp.es\/#\/schema\/logo\/image\/","url":"https:\/\/www.imancorp.es\/wp-content\/uploads\/2024\/03\/Logotipo-IMAN.png","contentUrl":"https:\/\/www.imancorp.es\/wp-content\/uploads\/2024\/03\/Logotipo-IMAN.png","width":554,"height":150,"caption":"IMAN"},"image":{"@id":"https:\/\/www.imancorp.es\/#\/schema\/logo\/image\/"}},{"@type":"Person","@id":"https:\/\/www.imancorp.es\/#\/schema\/person\/a3137806a7fee6488144ac2b5a5c3335","name":"IMAN MKT"}]}},"_links":{"self":[{"href":"https:\/\/www.imancorp.es\/ca\/wp-json\/wp\/v2\/posts\/8057","targetHints":{"allow":["GET"]}}],"collection":[{"href":"https:\/\/www.imancorp.es\/ca\/wp-json\/wp\/v2\/posts"}],"about":[{"href":"https:\/\/www.imancorp.es\/ca\/wp-json\/wp\/v2\/types\/post"}],"author":[{"embeddable":true,"href":"https:\/\/www.imancorp.es\/ca\/wp-json\/wp\/v2\/users\/2"}],"replies":[{"embeddable":true,"href":"https:\/\/www.imancorp.es\/ca\/wp-json\/wp\/v2\/comments?post=8057"}],"version-history":[{"count":13,"href":"https:\/\/www.imancorp.es\/ca\/wp-json\/wp\/v2\/posts\/8057\/revisions"}],"predecessor-version":[{"id":8071,"href":"https:\/\/www.imancorp.es\/ca\/wp-json\/wp\/v2\/posts\/8057\/revisions\/8071"}],"wp:featuredmedia":[{"embeddable":true,"href":"https:\/\/www.imancorp.es\/ca\/wp-json\/wp\/v2\/media\/8059"}],"wp:attachment":[{"href":"https:\/\/www.imancorp.es\/ca\/wp-json\/wp\/v2\/media?parent=8057"}],"wp:term":[{"taxonomy":"category","embeddable":true,"href":"https:\/\/www.imancorp.es\/ca\/wp-json\/wp\/v2\/categories?post=8057"},{"taxonomy":"post_tag","embeddable":true,"href":"https:\/\/www.imancorp.es\/ca\/wp-json\/wp\/v2\/tags?post=8057"}],"curies":[{"name":"wp","href":"https:\/\/api.w.org\/{rel}","templated":true}]}}