{"id":7938,"date":"2025-12-09T16:25:09","date_gmt":"2025-12-09T15:25:09","guid":{"rendered":"https:\/\/www.imancorp.es\/?p=7938"},"modified":"2025-12-09T16:53:31","modified_gmt":"2025-12-09T15:53:31","slug":"iman-temporing-2025-balance","status":"publish","type":"post","link":"https:\/\/www.imancorp.es\/ca\/2025\/12\/09\/iman-temporing-2025-balance\/","title":{"rendered":"2025: El a\u00f1o en que IMAN Temporing volvi\u00f3 a estar donde m\u00e1s importa"},"content":{"rendered":"<div data-elementor-type=\"wp-post\" data-elementor-id=\"7938\" class=\"elementor elementor-7938\" data-elementor-post-type=\"post\">\n\t\t\t\t<div class=\"elementor-element elementor-element-ed043a7 e-flex e-con-boxed e-con e-parent\" data-id=\"ed043a7\" data-element_type=\"container\" data-e-type=\"container\">\n\t\t\t\t\t<div class=\"e-con-inner\">\n\t\t\t\t<div class=\"elementor-element elementor-element-761c385 elementor-widget elementor-widget-text-editor\" data-id=\"761c385\" data-element_type=\"widget\" data-e-type=\"widget\" data-widget_type=\"text-editor.default\">\n\t\t\t\t<div class=\"elementor-widget-container\">\n\t\t\t\t\t\t\t\t\t<p data-start=\"843\" data-end=\"1187\">Hay a\u00f1os que se viven. Y otros que se sienten.<br data-start=\"889\" data-end=\"892\" \/><strong data-start=\"892\" data-end=\"925\">2025 ha sido de los segundos.<br \/><\/strong><br data-start=\"925\" data-end=\"928\" \/>Un a\u00f1o que nos record\u00f3 <strong data-start=\"951\" data-end=\"1000\">por qu\u00e9 trabajar con personas nunca es rutina<\/strong>, por qu\u00e9 acompa\u00f1ar al tejido empresarial es una responsabilidad y por qu\u00e9 <strong data-start=\"1075\" data-end=\"1093\">IMAN Temporing<\/strong> sigue siendo un referente cuando el mercado laboral se acelera, cambia y exige m\u00e1s que nunca.<\/p><p data-start=\"1189\" data-end=\"1317\">Este ha sido el a\u00f1o en que volvimos a demostrar que, <strong data-start=\"1242\" data-end=\"1294\">cuando el talento y la oportunidad se encuentran<\/strong>, algo poderoso ocurre.<\/p>\t\t\t\t\t\t\t\t<\/div>\n\t\t\t\t<\/div>\n\t\t\t\t\t<\/div>\n\t\t\t\t<\/div>\n\t\t<div class=\"elementor-element elementor-element-b79fca9 e-flex e-con-boxed e-con e-parent\" data-id=\"b79fca9\" data-element_type=\"container\" data-e-type=\"container\">\n\t\t\t\t\t<div class=\"e-con-inner\">\n\t\t\t\t<div class=\"elementor-element elementor-element-8bb62c1 elementor-widget elementor-widget-heading\" data-id=\"8bb62c1\" data-element_type=\"widget\" data-e-type=\"widget\" data-widget_type=\"heading.default\">\n\t\t\t\t<div class=\"elementor-widget-container\">\n\t\t\t\t\t<h3 class=\"elementor-heading-title elementor-size-default\">Un mercado que cambi\u00f3 r\u00e1pido\u2026 y un equipo que respondi\u00f3 a\u00fan m\u00e1s r\u00e1pido<\/h3>\t\t\t\t<\/div>\n\t\t\t\t<\/div>\n\t\t\t\t\t<\/div>\n\t\t\t\t<\/div>\n\t\t<div class=\"elementor-element elementor-element-1062983 e-flex e-con-boxed e-con e-parent\" data-id=\"1062983\" data-element_type=\"container\" data-e-type=\"container\">\n\t\t\t\t\t<div class=\"e-con-inner\">\n\t\t\t\t<div class=\"elementor-element elementor-element-22c3465 elementor-widget elementor-widget-text-editor\" data-id=\"22c3465\" data-element_type=\"widget\" data-e-type=\"widget\" data-widget_type=\"text-editor.default\">\n\t\t\t\t<div class=\"elementor-widget-container\">\n\t\t\t\t\t\t\t\t\t<p data-start=\"1403\" data-end=\"1556\">A <strong data-start=\"1406\" data-end=\"1414\">2025<\/strong> vimos picos, cambios de tendencia, nuevas demandas y sectores que se transformaban casi cada trimestre.<br \/><br data-start=\"1518\" data-end=\"1521\" \/>Y sin embargo, <strong data-start=\"1536\" data-end=\"1544\">IMAN<\/strong> estuvo ah\u00ed:<\/p><ul><li>Cuando <strong data-start=\"1567\" data-end=\"1580\">log\u00edstica<\/strong> necesit\u00f3 reforzar equipos en cuesti\u00f3n de horas.<\/li><li>Cuando <strong data-start=\"1640\" data-end=\"1653\">industria<\/strong> busc\u00f3 perfiles cada vez m\u00e1s t\u00e9cnicos.<\/li><li>Cuando <strong data-start=\"1703\" data-end=\"1713\">retail<\/strong> vivi\u00f3 campa\u00f1as exigentes y llenas de imprevistos.<\/li><li>Cuando las <strong data-start=\"1779\" data-end=\"1804\">empresas de servicios<\/strong> necesitaron flexibilidad, agilidad y seguridad.<\/li><\/ul><p data-start=\"1854\" data-end=\"2157\"><strong data-start=\"1854\" data-end=\"1898\">Estuvimos porque conoc\u00edamos la realidad.<\/strong><br data-start=\"1898\" data-end=\"1901\" \/>Estuvimos porque escuchamos antes de actuar.<br data-start=\"1945\" data-end=\"1948\" \/>Estuvimos porque entendemos el <strong data-start=\"1979\" data-end=\"2008\">pulso del mercado laboral<\/strong> mejor que nadie.<br data-start=\"2025\" data-end=\"2028\" \/>Y, sobre todo, porque nuestro equipo humano es capaz de convertir cualquier reto en una oportunidad de hacer las cosas a\u00fan mejor.<\/p>\t\t\t\t\t\t\t\t<\/div>\n\t\t\t\t<\/div>\n\t\t\t\t\t<\/div>\n\t\t\t\t<\/div>\n\t\t<div class=\"elementor-element elementor-element-740b084 e-flex e-con-boxed e-con e-parent\" data-id=\"740b084\" data-element_type=\"container\" data-e-type=\"container\">\n\t\t\t\t\t<div class=\"e-con-inner\">\n\t\t\t\t<div class=\"elementor-element elementor-element-db964ed elementor-widget elementor-widget-heading\" data-id=\"db964ed\" data-element_type=\"widget\" data-e-type=\"widget\" data-widget_type=\"heading.default\">\n\t\t\t\t<div class=\"elementor-widget-container\">\n\t\t\t\t\t<h3 class=\"elementor-heading-title elementor-size-default\">Miles de personas. Miles de historias. Un \u00fanico prop\u00f3sito.<\/h3>\t\t\t\t<\/div>\n\t\t\t\t<\/div>\n\t\t\t\t\t<\/div>\n\t\t\t\t<\/div>\n\t\t<div class=\"elementor-element elementor-element-e73d49f e-flex e-con-boxed e-con e-parent\" data-id=\"e73d49f\" data-element_type=\"container\" data-e-type=\"container\">\n\t\t\t\t\t<div class=\"e-con-inner\">\n\t\t\t\t<div class=\"elementor-element elementor-element-aa1c257 elementor-widget elementor-widget-text-editor\" data-id=\"aa1c257\" data-element_type=\"widget\" data-e-type=\"widget\" data-widget_type=\"text-editor.default\">\n\t\t\t\t<div class=\"elementor-widget-container\">\n\t\t\t\t\t\t\t\t\t<p data-start=\"2231\" data-end=\"2444\">Este a\u00f1o volvimos a conectar a <strong data-start=\"2262\" data-end=\"2288\">miles de profesionales<\/strong> con nuevas oportunidades.<br data-start=\"2314\" data-end=\"2317\" \/>Personas que buscaban estabilidad.<br data-start=\"2351\" data-end=\"2354\" \/>Personas que buscaban crecer.<br data-start=\"2383\" data-end=\"2386\" \/>Personas que simplemente necesitaban una oportunidad real.<\/p><p data-start=\"2446\" data-end=\"2708\">Y cada una de esas historias nos recuerda por qu\u00e9 hacemos lo que hacemos.<br data-start=\"2519\" data-end=\"2522\" \/>Porque <strong data-start=\"2529\" data-end=\"2591\">IMAN Temporing no es solo un servicio de trabajo temporal.<\/strong><br data-start=\"2591\" data-end=\"2594\" \/><strong data-start=\"2594\" data-end=\"2611\">Es un puente.<\/strong><br data-start=\"2611\" data-end=\"2614\" \/>Es un punto de encuentro entre <strong data-start=\"2645\" data-end=\"2656\">talento<\/strong> i <strong data-start=\"2659\" data-end=\"2671\">empresas<\/strong> que necesitan avanzar con seguridad.<\/p><p data-start=\"2710\" data-end=\"2822\"><strong data-start=\"2710\" data-end=\"2729\">2025 nos ense\u00f1\u00f3<\/strong> que cuando una persona encuentra el lugar adecuado, tambi\u00e9n la empresa encuentra su impulso.<\/p><p data-start=\"2824\" data-end=\"3088\">Es ah\u00ed donde cobra sentido nuestro prop\u00f3sito:<br data-start=\"2869\" data-end=\"2872\" \/><strong data-start=\"2872\" data-end=\"2943\">Acercamos personas. Impulsamos empresas. Transformamos la sociedad.<\/strong><br data-start=\"2943\" data-end=\"2946\" \/>No es un eslogan. Es lo que ocurre cada d\u00eda en nuestras oficinas, en nuestras entrevistas, en cada contrato y en cada oportunidad que se abre.<\/p>\t\t\t\t\t\t\t\t<\/div>\n\t\t\t\t<\/div>\n\t\t\t\t\t<\/div>\n\t\t\t\t<\/div>\n\t\t<div class=\"elementor-element elementor-element-8ad0b8c e-flex e-con-boxed e-con e-parent\" data-id=\"8ad0b8c\" data-element_type=\"container\" data-e-type=\"container\">\n\t\t\t\t\t<div class=\"e-con-inner\">\n\t\t\t\t<div class=\"elementor-element elementor-element-274ed5d elementor-widget elementor-widget-heading\" data-id=\"274ed5d\" data-element_type=\"widget\" data-e-type=\"widget\" data-widget_type=\"heading.default\">\n\t\t\t\t<div class=\"elementor-widget-container\">\n\t\t\t\t\t<h3 class=\"elementor-heading-title elementor-size-default\">Dar respuesta hoy, pensando en ma\u00f1ana<\/h3>\t\t\t\t<\/div>\n\t\t\t\t<\/div>\n\t\t\t\t\t<\/div>\n\t\t\t\t<\/div>\n\t\t<div class=\"elementor-element elementor-element-63c69e2 e-flex e-con-boxed e-con e-parent\" data-id=\"63c69e2\" data-element_type=\"container\" data-e-type=\"container\">\n\t\t\t\t\t<div class=\"e-con-inner\">\n\t\t\t\t<div class=\"elementor-element elementor-element-43ddd14 elementor-widget elementor-widget-text-editor\" data-id=\"43ddd14\" data-element_type=\"widget\" data-e-type=\"widget\" data-widget_type=\"text-editor.default\">\n\t\t\t\t<div class=\"elementor-widget-container\">\n\t\t\t\t\t\t\t\t\t<p data-start=\"3141\" data-end=\"3355\">No solo hemos cubierto vacantes.<br data-start=\"3173\" data-end=\"3176\" \/>Hemos acompa\u00f1ado a empresas en procesos complejos, hemos anticipado demanda, hemos entendido tendencias y hemos reforzado plantillas para que nuestros clientes no perdieran ritmo.<\/p><p data-start=\"3357\" data-end=\"3530\">En un a\u00f1o marcado por:<br data-start=\"3379\" data-end=\"3382\" \/>\u2022 mayor exigencia de perfiles,<br data-start=\"3412\" data-end=\"3415\" \/>\u2022 contrataci\u00f3n m\u00e1s fluctuante,<br data-start=\"3445\" data-end=\"3448\" \/>\u2022 escasez en sectores clave,<br data-start=\"3476\" data-end=\"3479\" \/>\u2022 y una competencia creciente por el <strong data-start=\"3516\" data-end=\"3527\">talento<\/strong>,<\/p><p data-start=\"3532\" data-end=\"3714\"><strong data-start=\"3532\" data-end=\"3593\">IMAN ha sido garant\u00eda de agilidad, cercan\u00eda y fiabilidad.<\/strong><br data-start=\"3593\" data-end=\"3596\" \/>Y tambi\u00e9n de algo m\u00e1s disruptivo: <strong data-start=\"3630\" data-end=\"3714\">convertir datos, experiencia y humanidad en decisiones que marcan la diferencia.<\/strong><\/p>\t\t\t\t\t\t\t\t<\/div>\n\t\t\t\t<\/div>\n\t\t\t\t\t<\/div>\n\t\t\t\t<\/div>\n\t\t<div class=\"elementor-element elementor-element-5381ea3 e-flex e-con-boxed e-con e-parent\" data-id=\"5381ea3\" data-element_type=\"container\" data-e-type=\"container\">\n\t\t\t\t\t<div class=\"e-con-inner\">\n\t\t\t\t<div class=\"elementor-element elementor-element-fd39874 elementor-widget elementor-widget-heading\" data-id=\"fd39874\" data-element_type=\"widget\" data-e-type=\"widget\" data-widget_type=\"heading.default\">\n\t\t\t\t<div class=\"elementor-widget-container\">\n\t\t\t\t\t<h3 class=\"elementor-heading-title elementor-size-default\">Mirando a 2026: un mercado m\u00e1s r\u00e1pido, un Temporing m\u00e1s preparado<\/h3>\t\t\t\t<\/div>\n\t\t\t\t<\/div>\n\t\t\t\t\t<\/div>\n\t\t\t\t<\/div>\n\t\t<div class=\"elementor-element elementor-element-7290657 e-flex e-con-boxed e-con e-parent\" data-id=\"7290657\" data-element_type=\"container\" data-e-type=\"container\">\n\t\t\t\t\t<div class=\"e-con-inner\">\n\t\t\t\t<div class=\"elementor-element elementor-element-d621fc7 elementor-widget elementor-widget-text-editor\" data-id=\"d621fc7\" data-element_type=\"widget\" data-e-type=\"widget\" data-widget_type=\"text-editor.default\">\n\t\t\t\t<div class=\"elementor-widget-container\">\n\t\t\t\t\t\t\t\t\t<p data-start=\"3795\" data-end=\"3954\">El pr\u00f3ximo a\u00f1o llega con nuevos retos:<br data-start=\"3833\" data-end=\"3836\" \/>m\u00e1s digitalizaci\u00f3n, m\u00e1s especializaci\u00f3n, m\u00e1s competencia por perfiles y nuevas expectativas por parte de las personas.<\/p><p data-start=\"3956\" data-end=\"4029\">Pero si algo dej\u00f3 claro <strong data-start=\"3980\" data-end=\"3988\">2025<\/strong> es que estamos m\u00e1s preparados que nunca.<\/p><p><strong data-start=\"4031\" data-end=\"4053\">2026 nos ver\u00e1 con:<\/strong><\/p><ul><li>Una red de oficinas m\u00e1s conectada.<\/li><li>Un enfoque m\u00e1s centrado en la experiencia de candidatos y empresas.<\/li><li>Procesos m\u00e1s digitales y eficientes.<\/li><li>Mayor capacidad de reacci\u00f3n ante picos de demanda.<\/li><li>Y un prop\u00f3sito que no cambia: <strong data-start=\"4295\" data-end=\"4360\">Acercar personas. Impulsar empresas. Transformar la sociedad.<\/strong><\/li><\/ul>\t\t\t\t\t\t\t\t<\/div>\n\t\t\t\t<\/div>\n\t\t\t\t\t<\/div>\n\t\t\t\t<\/div>\n\t\t<div class=\"elementor-element elementor-element-e6ee3b4 e-flex e-con-boxed e-con e-parent\" data-id=\"e6ee3b4\" data-element_type=\"container\" data-e-type=\"container\">\n\t\t\t\t\t<div class=\"e-con-inner\">\n\t\t\t\t<div class=\"elementor-element elementor-element-676cad9 elementor-widget elementor-widget-heading\" data-id=\"676cad9\" data-element_type=\"widget\" data-e-type=\"widget\" data-widget_type=\"heading.default\">\n\t\t\t\t<div class=\"elementor-widget-container\">\n\t\t\t\t\t<h3 class=\"elementor-heading-title elementor-size-default\">Gracias por ser parte del viaje<\/h3>\t\t\t\t<\/div>\n\t\t\t\t<\/div>\n\t\t\t\t\t<\/div>\n\t\t\t\t<\/div>\n\t\t<div class=\"elementor-element elementor-element-ea998b0 e-flex e-con-boxed e-con e-parent\" data-id=\"ea998b0\" data-element_type=\"container\" data-e-type=\"container\">\n\t\t\t\t\t<div class=\"e-con-inner\">\n\t\t\t\t<div class=\"elementor-element elementor-element-eeda514 elementor-widget elementor-widget-text-editor\" data-id=\"eeda514\" data-element_type=\"widget\" data-e-type=\"widget\" data-widget_type=\"text-editor.default\">\n\t\t\t\t<div class=\"elementor-widget-container\">\n\t\t\t\t\t\t\t\t\t<p data-start=\"4407\" data-end=\"4613\">A las empresas que conf\u00edan en nosotros campa\u00f1a tras campa\u00f1a.<br data-start=\"4467\" data-end=\"4470\" \/>A las personas que encuentran en <strong data-start=\"4503\" data-end=\"4511\">IMAN<\/strong> una oportunidad real.<br data-start=\"4533\" data-end=\"4536\" \/>A los equipos que sostienen el d\u00eda a d\u00eda, incluso cuando el ritmo no perdona.<\/p><p data-start=\"4615\" data-end=\"4752\"><strong data-start=\"4615\" data-end=\"4640\">2025 ha sido intenso.<\/strong><br data-start=\"4640\" data-end=\"4643\" \/>Ha sido desafiante.<br data-start=\"4662\" data-end=\"4665\" \/>Pero, sobre todo, ha sido una demostraci\u00f3n de lo que somos capaces de construir juntos.<\/p><p data-start=\"4754\" data-end=\"4867\"><strong data-start=\"4754\" data-end=\"4867\">IMAN seguir\u00e1 estando ah\u00ed donde las empresas lo necesitan<br data-start=\"4812\" data-end=\"4815\" \/>y donde las personas encuentran un futuro posible.<\/strong><\/p><p data-start=\"4869\" data-end=\"4924\">2025 nos impuls\u00f3.<br data-start=\"4886\" data-end=\"4889\" \/><strong data-start=\"4889\" data-end=\"4924\">2026 nos llevar\u00e1 a\u00fan m\u00e1s lejos.<\/strong><\/p><p data-start=\"4926\" data-end=\"4997\"><strong data-start=\"4926\" data-end=\"4997\">Acercamos personas. Impulsamos empresas. Transformamos la sociedad.<\/strong><\/p>\t\t\t\t\t\t\t\t<\/div>\n\t\t\t\t<\/div>\n\t\t\t\t\t<\/div>\n\t\t\t\t<\/div>\n\t\t<div class=\"elementor-element elementor-element-709b755 e-flex e-con-boxed e-con e-parent\" data-id=\"709b755\" data-element_type=\"container\" data-e-type=\"container\">\n\t\t\t\t\t<div class=\"e-con-inner\">\n\t\t\t\t<div class=\"elementor-element elementor-element-39676eb elementor-align-center elementor-widget elementor-widget-button\" data-id=\"39676eb\" data-element_type=\"widget\" data-e-type=\"widget\" data-widget_type=\"button.default\">\n\t\t\t\t<div class=\"elementor-widget-container\">\n\t\t\t\t\t\t\t\t\t<div class=\"elementor-button-wrapper\">\n\t\t\t\t\t<a class=\"elementor-button elementor-button-link elementor-size-sm\" href=\"https:\/\/www.imancorp.es\/ca\/trabajo-temporal\/\" target=\"_blank\">\n\t\t\t\t\t\t<span class=\"elementor-button-content-wrapper\">\n\t\t\t\t\t\t\t\t\t<span class=\"elementor-button-text\">M\u00e9s informaci\u00f3<\/span>\n\t\t\t\t\t<\/span>\n\t\t\t\t\t<\/a>\n\t\t\t\t<\/div>\n\t\t\t\t\t\t\t\t<\/div>\n\t\t\t\t<\/div>\n\t\t\t\t\t<\/div>\n\t\t\t\t<\/div>\n\t\t\t\t<\/div>","protected":false},"excerpt":{"rendered":"<p>Hay a\u00f1os que se viven. Y otros que se sienten.2025 ha sido de los segundos.Un a\u00f1o que nos record\u00f3 por qu\u00e9 trabajar con personas nunca es rutina, por qu\u00e9 acompa\u00f1ar al tejido empresarial es una responsabilidad y por qu\u00e9 IMAN Temporing sigue siendo un referente cuando el mercado laboral se acelera, cambia y exige m\u00e1s [&hellip;]<\/p>\n","protected":false},"author":2,"featured_media":7943,"comment_status":"closed","ping_status":"closed","sticky":false,"template":"","format":"standard","meta":{"_monsterinsights_skip_tracking":false,"_monsterinsights_sitenote_active":false,"_monsterinsights_sitenote_note":"","_monsterinsights_sitenote_category":0,"footnotes":""},"categories":[10],"tags":[254,147,253,255,146,135,140,256,192,257],"class_list":["post-7938","post","type-post","status-publish","format-standard","has-post-thumbnail","hentry","category-news","tag-empleo-2025","tag-empresas","tag-iman-temporing","tag-mercado-laboral","tag-recursos-humanos","tag-rrhh","tag-talento","tag-tendencias-empleo","tag-trabajo-temporal","tag-trabajo-y-personas"],"yoast_head":"<!-- This site is optimized with the Yoast SEO plugin v27.2 - https:\/\/yoast.com\/product\/yoast-seo-wordpress\/ -->\n<title>IMAN Temporing en 2025: un a\u00f1o clave para personas y empresas<\/title>\n<meta name=\"description\" content=\"Descubre c\u00f3mo 2025 fue un a\u00f1o clave para IMAN Temporing: m\u00e1s talento conectado, m\u00e1s empresas acompa\u00f1adas y un mercado laboral que evolucion\u00f3 r\u00e1pido. As\u00ed nos preparamos para 2026.\" \/>\n<meta name=\"robots\" content=\"index, follow, max-snippet:-1, max-image-preview:large, max-video-preview:-1\" \/>\n<link rel=\"canonical\" href=\"https:\/\/www.imancorp.es\/ca\/2025\/12\/09\/iman-temporing-2025-balance\/\" \/>\n<meta property=\"og:locale\" content=\"ca_ES\" \/>\n<meta property=\"og:type\" content=\"article\" \/>\n<meta property=\"og:title\" content=\"IMAN Temporing en 2025: un a\u00f1o clave para personas y empresas\" \/>\n<meta property=\"og:description\" content=\"Descubre c\u00f3mo 2025 fue un a\u00f1o clave para IMAN Temporing: m\u00e1s talento conectado, m\u00e1s empresas acompa\u00f1adas y un mercado laboral que evolucion\u00f3 r\u00e1pido. As\u00ed nos preparamos para 2026.\" \/>\n<meta property=\"og:url\" content=\"https:\/\/www.imancorp.es\/ca\/2025\/12\/09\/iman-temporing-2025-balance\/\" \/>\n<meta property=\"og:site_name\" content=\"IMAN\" \/>\n<meta property=\"article:published_time\" content=\"2025-12-09T15:25:09+00:00\" \/>\n<meta property=\"article:modified_time\" content=\"2025-12-09T15:53:31+00:00\" \/>\n<meta property=\"og:image\" content=\"https:\/\/www.imancorp.es\/wp-content\/uploads\/2025\/12\/Imagen-articulo-860-x-565-px-25.png\" \/>\n\t<meta property=\"og:image:width\" content=\"860\" \/>\n\t<meta property=\"og:image:height\" content=\"565\" \/>\n\t<meta property=\"og:image:type\" content=\"image\/png\" \/>\n<meta name=\"author\" content=\"IMAN MKT\" \/>\n<meta name=\"twitter:card\" content=\"summary_large_image\" \/>\n<meta name=\"twitter:label1\" content=\"Escrit per\" \/>\n\t<meta name=\"twitter:data1\" content=\"IMAN MKT\" \/>\n\t<meta name=\"twitter:label2\" content=\"Temps estimat de lectura\" \/>\n\t<meta name=\"twitter:data2\" content=\"3 minuts\" \/>\n<script type=\"application\/ld+json\" class=\"yoast-schema-graph\">{\"@context\":\"https:\/\/schema.org\",\"@graph\":[{\"@type\":\"Article\",\"@id\":\"https:\/\/www.imancorp.es\/2025\/12\/09\/iman-temporing-2025-balance\/#article\",\"isPartOf\":{\"@id\":\"https:\/\/www.imancorp.es\/2025\/12\/09\/iman-temporing-2025-balance\/\"},\"author\":{\"name\":\"IMAN MKT\",\"@id\":\"https:\/\/www.imancorp.es\/#\/schema\/person\/a3137806a7fee6488144ac2b5a5c3335\"},\"headline\":\"2025: El a\u00f1o en que IMAN Temporing volvi\u00f3 a estar donde m\u00e1s importa\",\"datePublished\":\"2025-12-09T15:25:09+00:00\",\"dateModified\":\"2025-12-09T15:53:31+00:00\",\"mainEntityOfPage\":{\"@id\":\"https:\/\/www.imancorp.es\/2025\/12\/09\/iman-temporing-2025-balance\/\"},\"wordCount\":668,\"publisher\":{\"@id\":\"https:\/\/www.imancorp.es\/#organization\"},\"image\":{\"@id\":\"https:\/\/www.imancorp.es\/2025\/12\/09\/iman-temporing-2025-balance\/#primaryimage\"},\"thumbnailUrl\":\"https:\/\/www.imancorp.es\/wp-content\/uploads\/2025\/12\/Imagen-articulo-860-x-565-px-25.png\",\"keywords\":[\"Empleo 2025\",\"Empresas\",\"IMAN Temporing\",\"Mercado laboral\",\"Recursos humanos\",\"RRHH\",\"talento\",\"Tendencias empleo\",\"trabajo temporal\",\"Trabajo y personas\"],\"articleSection\":[\"News\"],\"inLanguage\":\"ca\"},{\"@type\":\"WebPage\",\"@id\":\"https:\/\/www.imancorp.es\/2025\/12\/09\/iman-temporing-2025-balance\/\",\"url\":\"https:\/\/www.imancorp.es\/2025\/12\/09\/iman-temporing-2025-balance\/\",\"name\":\"IMAN Temporing en 2025: un a\u00f1o clave para personas y empresas\",\"isPartOf\":{\"@id\":\"https:\/\/www.imancorp.es\/#website\"},\"primaryImageOfPage\":{\"@id\":\"https:\/\/www.imancorp.es\/2025\/12\/09\/iman-temporing-2025-balance\/#primaryimage\"},\"image\":{\"@id\":\"https:\/\/www.imancorp.es\/2025\/12\/09\/iman-temporing-2025-balance\/#primaryimage\"},\"thumbnailUrl\":\"https:\/\/www.imancorp.es\/wp-content\/uploads\/2025\/12\/Imagen-articulo-860-x-565-px-25.png\",\"datePublished\":\"2025-12-09T15:25:09+00:00\",\"dateModified\":\"2025-12-09T15:53:31+00:00\",\"description\":\"Descubre c\u00f3mo 2025 fue un a\u00f1o clave para IMAN Temporing: m\u00e1s talento conectado, m\u00e1s empresas acompa\u00f1adas y un mercado laboral que evolucion\u00f3 r\u00e1pido. As\u00ed nos preparamos para 2026.\",\"breadcrumb\":{\"@id\":\"https:\/\/www.imancorp.es\/2025\/12\/09\/iman-temporing-2025-balance\/#breadcrumb\"},\"inLanguage\":\"ca\",\"potentialAction\":[{\"@type\":\"ReadAction\",\"target\":[\"https:\/\/www.imancorp.es\/2025\/12\/09\/iman-temporing-2025-balance\/\"]}]},{\"@type\":\"ImageObject\",\"inLanguage\":\"ca\",\"@id\":\"https:\/\/www.imancorp.es\/2025\/12\/09\/iman-temporing-2025-balance\/#primaryimage\",\"url\":\"https:\/\/www.imancorp.es\/wp-content\/uploads\/2025\/12\/Imagen-articulo-860-x-565-px-25.png\",\"contentUrl\":\"https:\/\/www.imancorp.es\/wp-content\/uploads\/2025\/12\/Imagen-articulo-860-x-565-px-25.png\",\"width\":860,\"height\":565},{\"@type\":\"BreadcrumbList\",\"@id\":\"https:\/\/www.imancorp.es\/2025\/12\/09\/iman-temporing-2025-balance\/#breadcrumb\",\"itemListElement\":[{\"@type\":\"ListItem\",\"position\":1,\"name\":\"Portada\",\"item\":\"https:\/\/www.imancorp.es\/\"},{\"@type\":\"ListItem\",\"position\":2,\"name\":\"2025: El a\u00f1o en que IMAN Temporing volvi\u00f3 a estar donde m\u00e1s importa\"}]},{\"@type\":\"WebSite\",\"@id\":\"https:\/\/www.imancorp.es\/#website\",\"url\":\"https:\/\/www.imancorp.es\/\",\"name\":\"IMAN\",\"description\":\"\",\"publisher\":{\"@id\":\"https:\/\/www.imancorp.es\/#organization\"},\"potentialAction\":[{\"@type\":\"SearchAction\",\"target\":{\"@type\":\"EntryPoint\",\"urlTemplate\":\"https:\/\/www.imancorp.es\/?s={search_term_string}\"},\"query-input\":{\"@type\":\"PropertyValueSpecification\",\"valueRequired\":true,\"valueName\":\"search_term_string\"}}],\"inLanguage\":\"ca\"},{\"@type\":\"Organization\",\"@id\":\"https:\/\/www.imancorp.es\/#organization\",\"name\":\"IMAN\",\"url\":\"https:\/\/www.imancorp.es\/\",\"logo\":{\"@type\":\"ImageObject\",\"inLanguage\":\"ca\",\"@id\":\"https:\/\/www.imancorp.es\/#\/schema\/logo\/image\/\",\"url\":\"https:\/\/www.imancorp.es\/wp-content\/uploads\/2024\/03\/Logotipo-IMAN.png\",\"contentUrl\":\"https:\/\/www.imancorp.es\/wp-content\/uploads\/2024\/03\/Logotipo-IMAN.png\",\"width\":554,\"height\":150,\"caption\":\"IMAN\"},\"image\":{\"@id\":\"https:\/\/www.imancorp.es\/#\/schema\/logo\/image\/\"}},{\"@type\":\"Person\",\"@id\":\"https:\/\/www.imancorp.es\/#\/schema\/person\/a3137806a7fee6488144ac2b5a5c3335\",\"name\":\"IMAN MKT\"}]}<\/script>\n<!-- \/ Yoast SEO plugin. -->","yoast_head_json":{"title":"IMAN Temporing en 2025: un a\u00f1o clave para personas y empresas","description":"Descubre c\u00f3mo 2025 fue un a\u00f1o clave para IMAN Temporing: m\u00e1s talento conectado, m\u00e1s empresas acompa\u00f1adas y un mercado laboral que evolucion\u00f3 r\u00e1pido. As\u00ed nos preparamos para 2026.","robots":{"index":"index","follow":"follow","max-snippet":"max-snippet:-1","max-image-preview":"max-image-preview:large","max-video-preview":"max-video-preview:-1"},"canonical":"https:\/\/www.imancorp.es\/ca\/2025\/12\/09\/iman-temporing-2025-balance\/","og_locale":"ca_ES","og_type":"article","og_title":"IMAN Temporing en 2025: un a\u00f1o clave para personas y empresas","og_description":"Descubre c\u00f3mo 2025 fue un a\u00f1o clave para IMAN Temporing: m\u00e1s talento conectado, m\u00e1s empresas acompa\u00f1adas y un mercado laboral que evolucion\u00f3 r\u00e1pido. As\u00ed nos preparamos para 2026.","og_url":"https:\/\/www.imancorp.es\/ca\/2025\/12\/09\/iman-temporing-2025-balance\/","og_site_name":"IMAN","article_published_time":"2025-12-09T15:25:09+00:00","article_modified_time":"2025-12-09T15:53:31+00:00","og_image":[{"width":860,"height":565,"url":"https:\/\/www.imancorp.es\/wp-content\/uploads\/2025\/12\/Imagen-articulo-860-x-565-px-25.png","type":"image\/png"}],"author":"IMAN MKT","twitter_card":"summary_large_image","twitter_misc":{"Escrit per":"IMAN MKT","Temps estimat de lectura":"3 minuts"},"schema":{"@context":"https:\/\/schema.org","@graph":[{"@type":"Article","@id":"https:\/\/www.imancorp.es\/2025\/12\/09\/iman-temporing-2025-balance\/#article","isPartOf":{"@id":"https:\/\/www.imancorp.es\/2025\/12\/09\/iman-temporing-2025-balance\/"},"author":{"name":"IMAN MKT","@id":"https:\/\/www.imancorp.es\/#\/schema\/person\/a3137806a7fee6488144ac2b5a5c3335"},"headline":"2025: El a\u00f1o en que IMAN Temporing volvi\u00f3 a estar donde m\u00e1s importa","datePublished":"2025-12-09T15:25:09+00:00","dateModified":"2025-12-09T15:53:31+00:00","mainEntityOfPage":{"@id":"https:\/\/www.imancorp.es\/2025\/12\/09\/iman-temporing-2025-balance\/"},"wordCount":668,"publisher":{"@id":"https:\/\/www.imancorp.es\/#organization"},"image":{"@id":"https:\/\/www.imancorp.es\/2025\/12\/09\/iman-temporing-2025-balance\/#primaryimage"},"thumbnailUrl":"https:\/\/www.imancorp.es\/wp-content\/uploads\/2025\/12\/Imagen-articulo-860-x-565-px-25.png","keywords":["Empleo 2025","Empresas","IMAN Temporing","Mercado laboral","Recursos humanos","RRHH","talento","Tendencias empleo","trabajo temporal","Trabajo y personas"],"articleSection":["News"],"inLanguage":"ca"},{"@type":"WebPage","@id":"https:\/\/www.imancorp.es\/2025\/12\/09\/iman-temporing-2025-balance\/","url":"https:\/\/www.imancorp.es\/2025\/12\/09\/iman-temporing-2025-balance\/","name":"IMAN Temporing en 2025: un a\u00f1o clave para personas y empresas","isPartOf":{"@id":"https:\/\/www.imancorp.es\/#website"},"primaryImageOfPage":{"@id":"https:\/\/www.imancorp.es\/2025\/12\/09\/iman-temporing-2025-balance\/#primaryimage"},"image":{"@id":"https:\/\/www.imancorp.es\/2025\/12\/09\/iman-temporing-2025-balance\/#primaryimage"},"thumbnailUrl":"https:\/\/www.imancorp.es\/wp-content\/uploads\/2025\/12\/Imagen-articulo-860-x-565-px-25.png","datePublished":"2025-12-09T15:25:09+00:00","dateModified":"2025-12-09T15:53:31+00:00","description":"Descubre c\u00f3mo 2025 fue un a\u00f1o clave para IMAN Temporing: m\u00e1s talento conectado, m\u00e1s empresas acompa\u00f1adas y un mercado laboral que evolucion\u00f3 r\u00e1pido. As\u00ed nos preparamos para 2026.","breadcrumb":{"@id":"https:\/\/www.imancorp.es\/2025\/12\/09\/iman-temporing-2025-balance\/#breadcrumb"},"inLanguage":"ca","potentialAction":[{"@type":"ReadAction","target":["https:\/\/www.imancorp.es\/2025\/12\/09\/iman-temporing-2025-balance\/"]}]},{"@type":"ImageObject","inLanguage":"ca","@id":"https:\/\/www.imancorp.es\/2025\/12\/09\/iman-temporing-2025-balance\/#primaryimage","url":"https:\/\/www.imancorp.es\/wp-content\/uploads\/2025\/12\/Imagen-articulo-860-x-565-px-25.png","contentUrl":"https:\/\/www.imancorp.es\/wp-content\/uploads\/2025\/12\/Imagen-articulo-860-x-565-px-25.png","width":860,"height":565},{"@type":"BreadcrumbList","@id":"https:\/\/www.imancorp.es\/2025\/12\/09\/iman-temporing-2025-balance\/#breadcrumb","itemListElement":[{"@type":"ListItem","position":1,"name":"Portada","item":"https:\/\/www.imancorp.es\/"},{"@type":"ListItem","position":2,"name":"2025: El a\u00f1o en que IMAN Temporing volvi\u00f3 a estar donde m\u00e1s importa"}]},{"@type":"WebSite","@id":"https:\/\/www.imancorp.es\/#website","url":"https:\/\/www.imancorp.es\/","name":"IMAN","description":"","publisher":{"@id":"https:\/\/www.imancorp.es\/#organization"},"potentialAction":[{"@type":"SearchAction","target":{"@type":"EntryPoint","urlTemplate":"https:\/\/www.imancorp.es\/?s={search_term_string}"},"query-input":{"@type":"PropertyValueSpecification","valueRequired":true,"valueName":"search_term_string"}}],"inLanguage":"ca"},{"@type":"Organization","@id":"https:\/\/www.imancorp.es\/#organization","name":"IMAN","url":"https:\/\/www.imancorp.es\/","logo":{"@type":"ImageObject","inLanguage":"ca","@id":"https:\/\/www.imancorp.es\/#\/schema\/logo\/image\/","url":"https:\/\/www.imancorp.es\/wp-content\/uploads\/2024\/03\/Logotipo-IMAN.png","contentUrl":"https:\/\/www.imancorp.es\/wp-content\/uploads\/2024\/03\/Logotipo-IMAN.png","width":554,"height":150,"caption":"IMAN"},"image":{"@id":"https:\/\/www.imancorp.es\/#\/schema\/logo\/image\/"}},{"@type":"Person","@id":"https:\/\/www.imancorp.es\/#\/schema\/person\/a3137806a7fee6488144ac2b5a5c3335","name":"IMAN MKT"}]}},"_links":{"self":[{"href":"https:\/\/www.imancorp.es\/ca\/wp-json\/wp\/v2\/posts\/7938","targetHints":{"allow":["GET"]}}],"collection":[{"href":"https:\/\/www.imancorp.es\/ca\/wp-json\/wp\/v2\/posts"}],"about":[{"href":"https:\/\/www.imancorp.es\/ca\/wp-json\/wp\/v2\/types\/post"}],"author":[{"embeddable":true,"href":"https:\/\/www.imancorp.es\/ca\/wp-json\/wp\/v2\/users\/2"}],"replies":[{"embeddable":true,"href":"https:\/\/www.imancorp.es\/ca\/wp-json\/wp\/v2\/comments?post=7938"}],"version-history":[{"count":7,"href":"https:\/\/www.imancorp.es\/ca\/wp-json\/wp\/v2\/posts\/7938\/revisions"}],"predecessor-version":[{"id":7946,"href":"https:\/\/www.imancorp.es\/ca\/wp-json\/wp\/v2\/posts\/7938\/revisions\/7946"}],"wp:featuredmedia":[{"embeddable":true,"href":"https:\/\/www.imancorp.es\/ca\/wp-json\/wp\/v2\/media\/7943"}],"wp:attachment":[{"href":"https:\/\/www.imancorp.es\/ca\/wp-json\/wp\/v2\/media?parent=7938"}],"wp:term":[{"taxonomy":"category","embeddable":true,"href":"https:\/\/www.imancorp.es\/ca\/wp-json\/wp\/v2\/categories?post=7938"},{"taxonomy":"post_tag","embeddable":true,"href":"https:\/\/www.imancorp.es\/ca\/wp-json\/wp\/v2\/tags?post=7938"}],"curies":[{"name":"wp","href":"https:\/\/api.w.org\/{rel}","templated":true}]}}