{"id":6999,"date":"2025-02-26T12:08:48","date_gmt":"2025-02-26T11:08:48","guid":{"rendered":"https:\/\/www.imancorp.es\/?p=6999"},"modified":"2025-05-22T11:56:49","modified_gmt":"2025-05-22T09:56:49","slug":"mejora-tu-productividad","status":"publish","type":"post","link":"https:\/\/www.imancorp.es\/ca\/2025\/02\/26\/mejora-tu-productividad\/","title":{"rendered":"Millora la teva productivitat"},"content":{"rendered":"\n<p>En un entorno laboral cada vez m\u00e1s exigente, gestionar eficazmente el tiempo y reducir el estr\u00e9s se han convertido en habilidades esenciales para cualquier profesional. El exceso de tareas, la falta de organizaci\u00f3n y la presi\u00f3n constante pueden afectar no solo a nuestro rendimiento, sino tambi\u00e9n a nuestra salud. \u00bfTe sientes identificado? Si es as\u00ed, tenemos la soluci\u00f3n perfecta para ti.<\/p>\n\n\n\n<p>La formaci\u00f3n \u00ab<strong>Gesti\u00f3n del tiempo y estr\u00e9s laboral\u00bb<\/strong>, est\u00e1 dise\u00f1ada para dotarte de herramientas pr\u00e1cticas que te ayudar\u00e1n a optimizar tu jornada, mejorar tu enfoque y mantener el equilibrio entre productividad y bienestar.<\/p>\n\n\n\n<figure class=\"wp-block-image size-full is-resized\"><img loading=\"lazy\" decoding=\"async\" width=\"960\" height=\"150\" src=\"https:\/\/www.imancorp.es\/wp-content\/uploads\/2025\/02\/Sin-titulo-960-x-150-px-1.png\" alt=\"\" class=\"wp-image-6957\" style=\"width:823px;height:auto\" srcset=\"https:\/\/www.imancorp.es\/wp-content\/uploads\/2025\/02\/Sin-titulo-960-x-150-px-1.png 960w, https:\/\/www.imancorp.es\/wp-content\/uploads\/2025\/02\/Sin-titulo-960-x-150-px-1-300x47.png 300w, https:\/\/www.imancorp.es\/wp-content\/uploads\/2025\/02\/Sin-titulo-960-x-150-px-1-768x120.png 768w, https:\/\/www.imancorp.es\/wp-content\/uploads\/2025\/02\/Sin-titulo-960-x-150-px-1-18x3.png 18w\" sizes=\"auto, (max-width: 960px) 100vw, 960px\" \/><\/figure>\n\n\n<h3>\u00bfPor qu\u00e9 deber\u00edas apuntarte a este curso?<\/h3>\n<p>Si alguna vez has sentido que el d\u00eda no tiene suficientes horas o que el estr\u00e9s te impide dar lo mejor de ti, este curso es para ti. Aprender\u00e1s a:<\/p>\n\n\n<p>\u2714\ufe0f <strong>Identificar y eliminar los ladrones de tiempo<\/strong> que reducen tu eficiencia.<br>\u2714\ufe0f <strong>Dise\u00f1ar un plan de acci\u00f3n personalizado<\/strong> para gestionar mejor tus tareas.<br>\u2714\ufe0f <strong>Aplicar t\u00e9cnicas de organizaci\u00f3n<\/strong> que te permitan aprovechar al m\u00e1ximo tu jornada laboral.<br>\u2714\ufe0f <strong>Reducir el impacto del estr\u00e9s<\/strong> en tu rendimiento y bienestar.<\/p>\n\n\n\n<figure class=\"wp-block-image size-full\"><img loading=\"lazy\" decoding=\"async\" width=\"960\" height=\"150\" src=\"https:\/\/www.imancorp.es\/wp-content\/uploads\/2025\/02\/Sin-titulo-960-x-150-px-2.png\" alt=\"\" class=\"wp-image-6958\" srcset=\"https:\/\/www.imancorp.es\/wp-content\/uploads\/2025\/02\/Sin-titulo-960-x-150-px-2.png 960w, https:\/\/www.imancorp.es\/wp-content\/uploads\/2025\/02\/Sin-titulo-960-x-150-px-2-300x47.png 300w, https:\/\/www.imancorp.es\/wp-content\/uploads\/2025\/02\/Sin-titulo-960-x-150-px-2-768x120.png 768w, https:\/\/www.imancorp.es\/wp-content\/uploads\/2025\/02\/Sin-titulo-960-x-150-px-2-18x3.png 18w\" sizes=\"auto, (max-width: 960px) 100vw, 960px\" \/><\/figure>\n\n\n\n<p>Si sientes que el d\u00eda no te da para todo lo que tienes que hacer y te gustar\u00eda ser m\u00e1s eficiente sin sacrificar tu bienestar, esta formaci\u00f3n es para ti. \u00a1Inscr\u00edbete!<\/p>\n\n\n<div class=\"wpforms-container wpforms-container-full wpforms-block wpforms-block-a163f3e3-1397-4781-9244-d1d876165f4e wpforms-render-modern\" id=\"wpforms-6987\"><form id=\"wpforms-form-6987\" class=\"wpforms-validate wpforms-form wpforms-ajax-form\" data-formid=\"6987\" method=\"post\" enctype=\"multipart\/form-data\" action=\"\/ca\/wp-json\/wp\/v2\/posts\/6999\" data-token=\"d04951852bdc254c795622db323854b7\" data-token-time=\"1777244931\"><noscript class=\"wpforms-error-noscript\">Activeu el JavaScript al navegador per a poder completar el formulari.<\/noscript><div id=\"wpforms-error-noscript\" style=\"display: none;\">Activeu el JavaScript al navegador per a poder completar el formulari.<\/div><div class=\"wpforms-field-container\">\t\t<div id=\"wpforms-6987-field_4-container\"\n\t\t\tclass=\"wpforms-field wpforms-field-text\"\n\t\t\tdata-field-type=\"text\"\n\t\t\tdata-field-id=\"4\"\n\t\t\t>\n\t\t\t<label class=\"wpforms-field-label\" for=\"wpforms-6987-field_4\" >Empresa interesa? Particular<\/label>\n\t\t\t<input type=\"text\" id=\"wpforms-6987-field_4\" class=\"wpforms-field-medium\" name=\"wpforms[fields][4]\" >\n\t\t<\/div>\n\t\t<div id=\"wpforms-6987-field_1-container\" class=\"wpforms-field wpforms-field-name\" data-field-id=\"1\"><fieldset><legend class=\"wpforms-field-label wpforms-label-hide\" aria-hidden=\"false\">Nombre <span class=\"wpforms-required-label\" aria-hidden=\"true\">*<\/span><\/legend><div class=\"wpforms-field-row wpforms-field-medium\"><div class=\"wpforms-field-row-block wpforms-first wpforms-one-half\"><input type=\"text\" id=\"wpforms-6987-field_1\" class=\"wpforms-field-name-first wpforms-field-required\" name=\"wpforms[fields][1][first]\" aria-errormessage=\"wpforms-6987-field_1-error\" required><label for=\"wpforms-6987-field_1\" class=\"wpforms-field-sublabel after\">Nom<\/label><\/div><div class=\"wpforms-field-row-block wpforms-one-half\"><input type=\"text\" id=\"wpforms-6987-field_1-last\" class=\"wpforms-field-name-last wpforms-field-required\" name=\"wpforms[fields][1][last]\" aria-errormessage=\"wpforms-6987-field_1-last-error\" required><label for=\"wpforms-6987-field_1-last\" class=\"wpforms-field-sublabel after\">Cognoms<\/label><\/div><\/div><\/fieldset><\/div><div id=\"wpforms-6987-field_2-container\" class=\"wpforms-field wpforms-field-email\" data-field-id=\"2\"><label class=\"wpforms-field-label\" for=\"wpforms-6987-field_2\">Email <span class=\"wpforms-required-label\" aria-hidden=\"true\">*<\/span><\/label><input type=\"email\" id=\"wpforms-6987-field_2\" class=\"wpforms-field-medium wpforms-field-required\" name=\"wpforms[fields][2]\" spellcheck=\"false\" aria-errormessage=\"wpforms-6987-field_2-error\" required><\/div><div id=\"wpforms-6987-field_3-container\" class=\"wpforms-field wpforms-field-select wpforms-field-select-style-classic\" data-field-id=\"3\"><label class=\"wpforms-field-label\" for=\"wpforms-6987-field_3\">\u00bfQu\u00e9 curso te interesa? <span class=\"wpforms-required-label\" aria-hidden=\"true\">*<\/span><\/label><select id=\"wpforms-6987-field_3\" class=\"wpforms-field-medium wpforms-field-required\" name=\"wpforms[fields][3]\" required=\"required\"><option value=\"Gesti\u00f3n del tiempo y estr\u00e9s laboral\"  class=\"choice-1 depth-1\"  >Gesti\u00f3n del tiempo y estr\u00e9s laboral<\/option><option value=\"Venta emocional y Neuromarketing\"  class=\"choice-2 depth-1\"  >Venta emocional y Neuromarketing<\/option><\/select><\/div><div id=\"wpforms-6987-field_5-container\" class=\"wpforms-field wpforms-field-text\" data-field-id=\"5\"><label class=\"wpforms-field-label\" for=\"wpforms-6987-field_5\">Empresa o Particular <span class=\"wpforms-required-label\" aria-hidden=\"true\">*<\/span><\/label><input type=\"text\" id=\"wpforms-6987-field_5\" class=\"wpforms-field-medium wpforms-field-required\" name=\"wpforms[fields][5]\" placeholder=\"Nombre de Empresa\" aria-errormessage=\"wpforms-6987-field_5-error\" required><\/div><script>\n\t\t\t\t( function() {\n\t\t\t\t\tconst style = document.createElement( 'style' );\n\t\t\t\t\tstyle.appendChild( document.createTextNode( '#wpforms-6987-field_4-container { position: absolute !important; overflow: hidden !important; display: inline !important; height: 1px !important; width: 1px !important; z-index: -1000 !important; padding: 0 !important; } #wpforms-6987-field_4-container input { visibility: hidden; } #wpforms-conversational-form-page #wpforms-6987-field_4-container label { counter-increment: none; }' ) );\n\t\t\t\t\tdocument.head.appendChild( style );\n\t\t\t\t\tdocument.currentScript?.remove();\n\t\t\t\t} )();\n\t\t\t<\/script><\/div><!-- .wpforms-field-container --><div class=\"wpforms-submit-container\" ><input type=\"hidden\" name=\"wpforms[id]\" value=\"6987\"><input type=\"hidden\" name=\"page_title\" value=\"\"><input type=\"hidden\" name=\"page_url\" value=\"https:\/\/www.imancorp.es\/ca\/wp-json\/wp\/v2\/posts\/6999\"><input type=\"hidden\" name=\"url_referer\" value=\"\"><button type=\"submit\" name=\"wpforms[submit]\" id=\"wpforms-submit-6987\" class=\"wpforms-submit\" data-alt-text=\"Sending...\" data-submit-text=\"Submit\" aria-live=\"assertive\" value=\"wpforms-submit\">Submit<\/button><img loading=\"lazy\" decoding=\"async\" src=\"https:\/\/www.imancorp.es\/wp-content\/plugins\/wpforms-lite\/assets\/images\/submit-spin.svg\" class=\"wpforms-submit-spinner\" style=\"display: none;\" width=\"26\" height=\"26\" alt=\"S&#039;est\u00e0 carregant\"><\/div><\/form><\/div>  <!-- .wpforms-container -->","protected":false},"excerpt":{"rendered":"<p>En un entorno laboral cada vez m\u00e1s exigente, gestionar eficazmente el tiempo y reducir el estr\u00e9s se han convertido en habilidades esenciales para cualquier profesional. El exceso de tareas, la falta de organizaci\u00f3n y la presi\u00f3n constante pueden afectar no solo a nuestro rendimiento, sino tambi\u00e9n a nuestra salud. \u00bfTe sientes identificado? Si es as\u00ed, [&hellip;]<\/p>\n","protected":false},"author":2,"featured_media":6961,"comment_status":"closed","ping_status":"closed","sticky":false,"template":"","format":"standard","meta":{"_monsterinsights_skip_tracking":false,"_monsterinsights_sitenote_active":false,"_monsterinsights_sitenote_note":"","_monsterinsights_sitenote_category":0,"footnotes":""},"categories":[10,131],"tags":[],"class_list":["post-6999","post","type-post","status-publish","format-standard","has-post-thumbnail","hentry","category-news","category-noticies"],"yoast_head":"<!-- This site is optimized with the Yoast SEO plugin v27.2 - https:\/\/yoast.com\/product\/yoast-seo-wordpress\/ -->\n<title>Mejora tu productividad - IMAN<\/title>\n<meta name=\"description\" content=\"La formaci\u00f3n &quot;Gesti\u00f3n del tiempo y estr\u00e9s laboral&quot;, est\u00e1 dise\u00f1ada para dotarte de herramientas pr\u00e1cticas que te ayudar\u00e1n a optimizar tu jornada, mejorar tu enfoque y mantener el equilibrio entre productividad y bienestar.\" \/>\n<meta name=\"robots\" content=\"index, follow, max-snippet:-1, max-image-preview:large, max-video-preview:-1\" \/>\n<link rel=\"canonical\" href=\"https:\/\/www.imancorp.es\/ca\/2025\/02\/26\/mejora-tu-productividad\/\" \/>\n<meta property=\"og:locale\" content=\"ca_ES\" \/>\n<meta property=\"og:type\" content=\"article\" \/>\n<meta property=\"og:title\" content=\"Mejora tu productividad - IMAN\" \/>\n<meta property=\"og:description\" content=\"La formaci\u00f3n &quot;Gesti\u00f3n del tiempo y estr\u00e9s laboral&quot;, est\u00e1 dise\u00f1ada para dotarte de herramientas pr\u00e1cticas que te ayudar\u00e1n a optimizar tu jornada, mejorar tu enfoque y mantener el equilibrio entre productividad y bienestar.\" \/>\n<meta property=\"og:url\" content=\"https:\/\/www.imancorp.es\/ca\/2025\/02\/26\/mejora-tu-productividad\/\" \/>\n<meta property=\"og:site_name\" content=\"IMAN\" \/>\n<meta property=\"article:published_time\" content=\"2025-02-26T11:08:48+00:00\" \/>\n<meta property=\"article:modified_time\" content=\"2025-05-22T09:56:49+00:00\" \/>\n<meta property=\"og:image\" content=\"https:\/\/www.imancorp.es\/wp-content\/uploads\/2025\/02\/Banner-Post-Blog-2.png\" \/>\n\t<meta property=\"og:image:width\" content=\"680\" \/>\n\t<meta property=\"og:image:height\" content=\"250\" \/>\n\t<meta property=\"og:image:type\" content=\"image\/png\" \/>\n<meta name=\"author\" content=\"IMAN MKT\" \/>\n<meta name=\"twitter:card\" content=\"summary_large_image\" \/>\n<meta name=\"twitter:label1\" content=\"Escrit per\" \/>\n\t<meta name=\"twitter:data1\" content=\"IMAN MKT\" \/>\n\t<meta name=\"twitter:label2\" content=\"Temps estimat de lectura\" \/>\n\t<meta name=\"twitter:data2\" content=\"2 minuts\" \/>\n<script type=\"application\/ld+json\" class=\"yoast-schema-graph\">{\"@context\":\"https:\/\/schema.org\",\"@graph\":[{\"@type\":\"Article\",\"@id\":\"https:\/\/www.imancorp.es\/2025\/02\/26\/mejora-tu-productividad\/#article\",\"isPartOf\":{\"@id\":\"https:\/\/www.imancorp.es\/2025\/02\/26\/mejora-tu-productividad\/\"},\"author\":{\"name\":\"IMAN MKT\",\"@id\":\"https:\/\/www.imancorp.es\/#\/schema\/person\/a3137806a7fee6488144ac2b5a5c3335\"},\"headline\":\"Mejora tu productividad\",\"datePublished\":\"2025-02-26T11:08:48+00:00\",\"dateModified\":\"2025-05-22T09:56:49+00:00\",\"mainEntityOfPage\":{\"@id\":\"https:\/\/www.imancorp.es\/2025\/02\/26\/mejora-tu-productividad\/\"},\"wordCount\":237,\"publisher\":{\"@id\":\"https:\/\/www.imancorp.es\/#organization\"},\"image\":{\"@id\":\"https:\/\/www.imancorp.es\/2025\/02\/26\/mejora-tu-productividad\/#primaryimage\"},\"thumbnailUrl\":\"https:\/\/www.imancorp.es\/wp-content\/uploads\/2025\/02\/Banner-Post-Blog-2.png\",\"articleSection\":[\"News\",\"Not\u00edcies\"],\"inLanguage\":\"ca\"},{\"@type\":\"WebPage\",\"@id\":\"https:\/\/www.imancorp.es\/2025\/02\/26\/mejora-tu-productividad\/\",\"url\":\"https:\/\/www.imancorp.es\/2025\/02\/26\/mejora-tu-productividad\/\",\"name\":\"Mejora tu productividad - IMAN\",\"isPartOf\":{\"@id\":\"https:\/\/www.imancorp.es\/#website\"},\"primaryImageOfPage\":{\"@id\":\"https:\/\/www.imancorp.es\/2025\/02\/26\/mejora-tu-productividad\/#primaryimage\"},\"image\":{\"@id\":\"https:\/\/www.imancorp.es\/2025\/02\/26\/mejora-tu-productividad\/#primaryimage\"},\"thumbnailUrl\":\"https:\/\/www.imancorp.es\/wp-content\/uploads\/2025\/02\/Banner-Post-Blog-2.png\",\"datePublished\":\"2025-02-26T11:08:48+00:00\",\"dateModified\":\"2025-05-22T09:56:49+00:00\",\"description\":\"La formaci\u00f3n \\\"Gesti\u00f3n del tiempo y estr\u00e9s laboral\\\", est\u00e1 dise\u00f1ada para dotarte de herramientas pr\u00e1cticas que te ayudar\u00e1n a optimizar tu jornada, mejorar tu enfoque y mantener el equilibrio entre productividad y bienestar.\",\"breadcrumb\":{\"@id\":\"https:\/\/www.imancorp.es\/2025\/02\/26\/mejora-tu-productividad\/#breadcrumb\"},\"inLanguage\":\"ca\",\"potentialAction\":[{\"@type\":\"ReadAction\",\"target\":[\"https:\/\/www.imancorp.es\/2025\/02\/26\/mejora-tu-productividad\/\"]}]},{\"@type\":\"ImageObject\",\"inLanguage\":\"ca\",\"@id\":\"https:\/\/www.imancorp.es\/2025\/02\/26\/mejora-tu-productividad\/#primaryimage\",\"url\":\"https:\/\/www.imancorp.es\/wp-content\/uploads\/2025\/02\/Banner-Post-Blog-2.png\",\"contentUrl\":\"https:\/\/www.imancorp.es\/wp-content\/uploads\/2025\/02\/Banner-Post-Blog-2.png\",\"width\":680,\"height\":250},{\"@type\":\"BreadcrumbList\",\"@id\":\"https:\/\/www.imancorp.es\/2025\/02\/26\/mejora-tu-productividad\/#breadcrumb\",\"itemListElement\":[{\"@type\":\"ListItem\",\"position\":1,\"name\":\"Portada\",\"item\":\"https:\/\/www.imancorp.es\/\"},{\"@type\":\"ListItem\",\"position\":2,\"name\":\"Mejora tu productividad\"}]},{\"@type\":\"WebSite\",\"@id\":\"https:\/\/www.imancorp.es\/#website\",\"url\":\"https:\/\/www.imancorp.es\/\",\"name\":\"IMAN\",\"description\":\"\",\"publisher\":{\"@id\":\"https:\/\/www.imancorp.es\/#organization\"},\"potentialAction\":[{\"@type\":\"SearchAction\",\"target\":{\"@type\":\"EntryPoint\",\"urlTemplate\":\"https:\/\/www.imancorp.es\/?s={search_term_string}\"},\"query-input\":{\"@type\":\"PropertyValueSpecification\",\"valueRequired\":true,\"valueName\":\"search_term_string\"}}],\"inLanguage\":\"ca\"},{\"@type\":\"Organization\",\"@id\":\"https:\/\/www.imancorp.es\/#organization\",\"name\":\"IMAN\",\"url\":\"https:\/\/www.imancorp.es\/\",\"logo\":{\"@type\":\"ImageObject\",\"inLanguage\":\"ca\",\"@id\":\"https:\/\/www.imancorp.es\/#\/schema\/logo\/image\/\",\"url\":\"https:\/\/www.imancorp.es\/wp-content\/uploads\/2024\/03\/Logotipo-IMAN.png\",\"contentUrl\":\"https:\/\/www.imancorp.es\/wp-content\/uploads\/2024\/03\/Logotipo-IMAN.png\",\"width\":554,\"height\":150,\"caption\":\"IMAN\"},\"image\":{\"@id\":\"https:\/\/www.imancorp.es\/#\/schema\/logo\/image\/\"}},{\"@type\":\"Person\",\"@id\":\"https:\/\/www.imancorp.es\/#\/schema\/person\/a3137806a7fee6488144ac2b5a5c3335\",\"name\":\"IMAN MKT\"}]}<\/script>\n<!-- \/ Yoast SEO plugin. -->","yoast_head_json":{"title":"Mejora tu productividad - IMAN","description":"La formaci\u00f3n \"Gesti\u00f3n del tiempo y estr\u00e9s laboral\", est\u00e1 dise\u00f1ada para dotarte de herramientas pr\u00e1cticas que te ayudar\u00e1n a optimizar tu jornada, mejorar tu enfoque y mantener el equilibrio entre productividad y bienestar.","robots":{"index":"index","follow":"follow","max-snippet":"max-snippet:-1","max-image-preview":"max-image-preview:large","max-video-preview":"max-video-preview:-1"},"canonical":"https:\/\/www.imancorp.es\/ca\/2025\/02\/26\/mejora-tu-productividad\/","og_locale":"ca_ES","og_type":"article","og_title":"Mejora tu productividad - IMAN","og_description":"La formaci\u00f3n \"Gesti\u00f3n del tiempo y estr\u00e9s laboral\", est\u00e1 dise\u00f1ada para dotarte de herramientas pr\u00e1cticas que te ayudar\u00e1n a optimizar tu jornada, mejorar tu enfoque y mantener el equilibrio entre productividad y bienestar.","og_url":"https:\/\/www.imancorp.es\/ca\/2025\/02\/26\/mejora-tu-productividad\/","og_site_name":"IMAN","article_published_time":"2025-02-26T11:08:48+00:00","article_modified_time":"2025-05-22T09:56:49+00:00","og_image":[{"width":680,"height":250,"url":"https:\/\/www.imancorp.es\/wp-content\/uploads\/2025\/02\/Banner-Post-Blog-2.png","type":"image\/png"}],"author":"IMAN MKT","twitter_card":"summary_large_image","twitter_misc":{"Escrit per":"IMAN MKT","Temps estimat de lectura":"2 minuts"},"schema":{"@context":"https:\/\/schema.org","@graph":[{"@type":"Article","@id":"https:\/\/www.imancorp.es\/2025\/02\/26\/mejora-tu-productividad\/#article","isPartOf":{"@id":"https:\/\/www.imancorp.es\/2025\/02\/26\/mejora-tu-productividad\/"},"author":{"name":"IMAN MKT","@id":"https:\/\/www.imancorp.es\/#\/schema\/person\/a3137806a7fee6488144ac2b5a5c3335"},"headline":"Mejora tu productividad","datePublished":"2025-02-26T11:08:48+00:00","dateModified":"2025-05-22T09:56:49+00:00","mainEntityOfPage":{"@id":"https:\/\/www.imancorp.es\/2025\/02\/26\/mejora-tu-productividad\/"},"wordCount":237,"publisher":{"@id":"https:\/\/www.imancorp.es\/#organization"},"image":{"@id":"https:\/\/www.imancorp.es\/2025\/02\/26\/mejora-tu-productividad\/#primaryimage"},"thumbnailUrl":"https:\/\/www.imancorp.es\/wp-content\/uploads\/2025\/02\/Banner-Post-Blog-2.png","articleSection":["News","Not\u00edcies"],"inLanguage":"ca"},{"@type":"WebPage","@id":"https:\/\/www.imancorp.es\/2025\/02\/26\/mejora-tu-productividad\/","url":"https:\/\/www.imancorp.es\/2025\/02\/26\/mejora-tu-productividad\/","name":"Mejora tu productividad - IMAN","isPartOf":{"@id":"https:\/\/www.imancorp.es\/#website"},"primaryImageOfPage":{"@id":"https:\/\/www.imancorp.es\/2025\/02\/26\/mejora-tu-productividad\/#primaryimage"},"image":{"@id":"https:\/\/www.imancorp.es\/2025\/02\/26\/mejora-tu-productividad\/#primaryimage"},"thumbnailUrl":"https:\/\/www.imancorp.es\/wp-content\/uploads\/2025\/02\/Banner-Post-Blog-2.png","datePublished":"2025-02-26T11:08:48+00:00","dateModified":"2025-05-22T09:56:49+00:00","description":"La formaci\u00f3n \"Gesti\u00f3n del tiempo y estr\u00e9s laboral\", est\u00e1 dise\u00f1ada para dotarte de herramientas pr\u00e1cticas que te ayudar\u00e1n a optimizar tu jornada, mejorar tu enfoque y mantener el equilibrio entre productividad y bienestar.","breadcrumb":{"@id":"https:\/\/www.imancorp.es\/2025\/02\/26\/mejora-tu-productividad\/#breadcrumb"},"inLanguage":"ca","potentialAction":[{"@type":"ReadAction","target":["https:\/\/www.imancorp.es\/2025\/02\/26\/mejora-tu-productividad\/"]}]},{"@type":"ImageObject","inLanguage":"ca","@id":"https:\/\/www.imancorp.es\/2025\/02\/26\/mejora-tu-productividad\/#primaryimage","url":"https:\/\/www.imancorp.es\/wp-content\/uploads\/2025\/02\/Banner-Post-Blog-2.png","contentUrl":"https:\/\/www.imancorp.es\/wp-content\/uploads\/2025\/02\/Banner-Post-Blog-2.png","width":680,"height":250},{"@type":"BreadcrumbList","@id":"https:\/\/www.imancorp.es\/2025\/02\/26\/mejora-tu-productividad\/#breadcrumb","itemListElement":[{"@type":"ListItem","position":1,"name":"Portada","item":"https:\/\/www.imancorp.es\/"},{"@type":"ListItem","position":2,"name":"Mejora tu productividad"}]},{"@type":"WebSite","@id":"https:\/\/www.imancorp.es\/#website","url":"https:\/\/www.imancorp.es\/","name":"IMAN","description":"","publisher":{"@id":"https:\/\/www.imancorp.es\/#organization"},"potentialAction":[{"@type":"SearchAction","target":{"@type":"EntryPoint","urlTemplate":"https:\/\/www.imancorp.es\/?s={search_term_string}"},"query-input":{"@type":"PropertyValueSpecification","valueRequired":true,"valueName":"search_term_string"}}],"inLanguage":"ca"},{"@type":"Organization","@id":"https:\/\/www.imancorp.es\/#organization","name":"IMAN","url":"https:\/\/www.imancorp.es\/","logo":{"@type":"ImageObject","inLanguage":"ca","@id":"https:\/\/www.imancorp.es\/#\/schema\/logo\/image\/","url":"https:\/\/www.imancorp.es\/wp-content\/uploads\/2024\/03\/Logotipo-IMAN.png","contentUrl":"https:\/\/www.imancorp.es\/wp-content\/uploads\/2024\/03\/Logotipo-IMAN.png","width":554,"height":150,"caption":"IMAN"},"image":{"@id":"https:\/\/www.imancorp.es\/#\/schema\/logo\/image\/"}},{"@type":"Person","@id":"https:\/\/www.imancorp.es\/#\/schema\/person\/a3137806a7fee6488144ac2b5a5c3335","name":"IMAN MKT"}]}},"_links":{"self":[{"href":"https:\/\/www.imancorp.es\/ca\/wp-json\/wp\/v2\/posts\/6999","targetHints":{"allow":["GET"]}}],"collection":[{"href":"https:\/\/www.imancorp.es\/ca\/wp-json\/wp\/v2\/posts"}],"about":[{"href":"https:\/\/www.imancorp.es\/ca\/wp-json\/wp\/v2\/types\/post"}],"author":[{"embeddable":true,"href":"https:\/\/www.imancorp.es\/ca\/wp-json\/wp\/v2\/users\/2"}],"replies":[{"embeddable":true,"href":"https:\/\/www.imancorp.es\/ca\/wp-json\/wp\/v2\/comments?post=6999"}],"version-history":[{"count":3,"href":"https:\/\/www.imancorp.es\/ca\/wp-json\/wp\/v2\/posts\/6999\/revisions"}],"predecessor-version":[{"id":7005,"href":"https:\/\/www.imancorp.es\/ca\/wp-json\/wp\/v2\/posts\/6999\/revisions\/7005"}],"wp:featuredmedia":[{"embeddable":true,"href":"https:\/\/www.imancorp.es\/ca\/wp-json\/wp\/v2\/media\/6961"}],"wp:attachment":[{"href":"https:\/\/www.imancorp.es\/ca\/wp-json\/wp\/v2\/media?parent=6999"}],"wp:term":[{"taxonomy":"category","embeddable":true,"href":"https:\/\/www.imancorp.es\/ca\/wp-json\/wp\/v2\/categories?post=6999"},{"taxonomy":"post_tag","embeddable":true,"href":"https:\/\/www.imancorp.es\/ca\/wp-json\/wp\/v2\/tags?post=6999"}],"curies":[{"name":"wp","href":"https:\/\/api.w.org\/{rel}","templated":true}]}}