{"id":6963,"date":"2025-02-25T16:35:36","date_gmt":"2025-02-25T15:35:36","guid":{"rendered":"https:\/\/www.imancorp.es\/?p=6963"},"modified":"2025-05-22T11:57:01","modified_gmt":"2025-05-22T09:57:01","slug":"igualdad-y-diversidad-en-el-entorno-laboral","status":"publish","type":"post","link":"https:\/\/www.imancorp.es\/ca\/2025\/02\/25\/igualdad-y-diversidad-en-el-entorno-laboral\/","title":{"rendered":"Igualdad y diversidad en el entorno laboral"},"content":{"rendered":"<h2>Igualdad y diversidad en el entorno laboral: Claves para cumplir la ley y potenciar tu empresa<\/h2>\n\n\n<p>La <strong>igualdad y la diversidad en el entorno laboral<\/strong> no solo son principios fundamentales de equidad, sino tambi\u00e9n una <strong>necesidad legal y una estrategia clave para el \u00e9xito empresarial<\/strong>.<\/p>\n\n\n\n<p>Asiste a <a href=\"https:\/\/events.teams.microsoft.com\/event\/335e1c98-7ea5-4e48-bf26-225094afb0e4@000c49fc-b957-401a-9ec1-a27f437053b1\">nuestro webinar<\/a> en colaboraci\u00f3n con IL Consultor\u00eda y <strong>descubre c\u00f3mo implementar los planes de Igualdad y los planes LGTBI+ en tu empresa<\/strong>.<\/p>\n\n\n<h3>Plan de igualdad: obligaciones y beneficios<\/h3>\n\n\n<p>Un <strong>plan de igualdad<\/strong> es un conjunto de <strong>medidas organizadas y evaluables que garantizan la igualdad de trato y oportunidades entre mujeres y hombres en el \u00e1mbito laboral<\/strong>, eliminando cualquier forma de discriminaci\u00f3n por raz\u00f3n de sexo.<\/p>\n\n\n\n<div class=\"wp-block-columns is-layout-flex wp-container-core-columns-is-layout-9d6595d7 wp-block-columns-is-layout-flex\">\n<div class=\"wp-block-column is-layout-flow wp-block-column-is-layout-flow\">\n<p><strong>\u00bfQui\u00e9nes est\u00e1n obligados a implementarlo?<\/strong><\/p>\n\n\n\n<ul class=\"wp-block-list\">\n<li>Empresas con 50 o m\u00e1s trabajadores (obligaci\u00f3n legal).<\/li>\n\n\n\n<li>Empresas que participan en contratos <br>p\u00fablicos (puede ser un requisito en licitaciones).<\/li>\n\n\n\n<li>Empresas obligadas por convenios <br>colectivos o sanciones previas.<\/li>\n<\/ul>\n<\/div>\n\n\n\n<div class=\"wp-block-column is-layout-flow wp-block-column-is-layout-flow\">\n<p>    <strong>Fases de un plan de igualdad<\/strong><\/p>\n\n\n\n<ol class=\"wp-block-list\">\n<li>Diagn\u00f3stico de la situaci\u00f3n (an\u00e1lisis de plantilla, procesos de selecci\u00f3n, promoci\u00f3n, formaci\u00f3n, retribuci\u00f3n, salud laboral, conciliaci\u00f3n, etc.).<\/li>\n\n\n\n<li>Dise\u00f1o de medidas correctivas y objetivos concretos.<\/li>\n\n\n\n<li>Implementaci\u00f3n del plan en la empresa.<\/li>\n\n\n\n<li>Seguimiento y evaluaci\u00f3n de resultados.<\/li>\n<\/ol>\n<\/div>\n<\/div>\n\n\n<h3>Plan LGTBI+: fomentando la inclusi\u00f3n y la igualdad real<\/h3>\n\n\n<p>El <strong>plan LGTBI+<\/strong> es un conjunto de <strong>medidas dise\u00f1adas para garantizar la igualdad real y efectiva de las personas LGTBI en el entorno laboral<\/strong>, previniendo la discriminaci\u00f3n por razones de identidad y orientaci\u00f3n sexual, expresi\u00f3n de g\u00e9nero o diversidad familiar.<\/p>\n\n\n\n<p>Aspectos clave del plan LGTBI+ <\/p>\n\n\n\n<ul class=\"wp-block-list\">\n<li>Acciones para prevenir la discriminaci\u00f3n en selecci\u00f3n, promoci\u00f3n y condiciones de trabajo.<\/li>\n\n\n\n<li>Capacitaci\u00f3n y sensibilizaci\u00f3n sobre diversidad e inclusi\u00f3n. <\/li>\n\n\n\n<li>Pol\u00edticas de conciliaci\u00f3n y corresponsabilidad adaptadas a las diferentes realidades familiares.<\/li>\n\n\n\n<li>Protocolos contra el acoso con perspectiva LGTBI+.<\/li>\n<\/ul>\n\n\n<h3>Ponentes<\/h3>\n\n\n<figure class=\"wp-block-image size-full\"><img loading=\"lazy\" decoding=\"async\" width=\"960\" height=\"280\" src=\"https:\/\/www.imancorp.es\/wp-content\/uploads\/2025\/02\/Consultora-de-RRHH-con-mas-de-15-anos-de-experiencia-experta-en-liderazgo-y-cultura-organizacional.-Especializada-en-la-implementacion-de-planes-de-igualdad-y-CEO-de-IL-Consultoria.png\" alt=\"\" class=\"wp-image-6965\" srcset=\"https:\/\/www.imancorp.es\/wp-content\/uploads\/2025\/02\/Consultora-de-RRHH-con-mas-de-15-anos-de-experiencia-experta-en-liderazgo-y-cultura-organizacional.-Especializada-en-la-implementacion-de-planes-de-igualdad-y-CEO-de-IL-Consultoria.png 960w, https:\/\/www.imancorp.es\/wp-content\/uploads\/2025\/02\/Consultora-de-RRHH-con-mas-de-15-anos-de-experiencia-experta-en-liderazgo-y-cultura-organizacional.-Especializada-en-la-implementacion-de-planes-de-igualdad-y-CEO-de-IL-Consultoria-300x88.png 300w, https:\/\/www.imancorp.es\/wp-content\/uploads\/2025\/02\/Consultora-de-RRHH-con-mas-de-15-anos-de-experiencia-experta-en-liderazgo-y-cultura-organizacional.-Especializada-en-la-implementacion-de-planes-de-igualdad-y-CEO-de-IL-Consultoria-768x224.png 768w, https:\/\/www.imancorp.es\/wp-content\/uploads\/2025\/02\/Consultora-de-RRHH-con-mas-de-15-anos-de-experiencia-experta-en-liderazgo-y-cultura-organizacional.-Especializada-en-la-implementacion-de-planes-de-igualdad-y-CEO-de-IL-Consultoria-18x5.png 18w\" sizes=\"auto, (max-width: 960px) 100vw, 960px\" \/><\/figure>\n\n\n<h3>Conclusi\u00f3n<\/h3>\n\n\n<p>La implementaci\u00f3n de <strong>planes de igualdad y diversidad<\/strong> no solo es una exigencia legal, sino <strong>una gran oportunidad para transformar la cultura organizativa, mejorar el bienestar de los empleados <\/strong>y fortalecer la competitividad empresarial.<\/p>\n\n\n\n<p>Si quieres saber m\u00e1s sobre<strong> c\u00f3mo aplicar estas medidas en tu empresa<\/strong>, te invitamos a nuestro pr\u00f3ximo<strong> webinar sobre igualdad y diversidad en el \u00e1mbito laboral el 11 de marzo a las 12:00h<\/strong>.<\/p>\n\n\n\n<div class=\"wp-block-buttons is-content-justification-center is-layout-flex wp-container-core-buttons-is-layout-16018d1d wp-block-buttons-is-layout-flex\">\n<div class=\"wp-block-button is-style-fill\"><a class=\"wp-block-button__link has-text-align-center wp-element-button\" href=\"https:\/\/events.teams.microsoft.com\/event\/335e1c98-7ea5-4e48-bf26-225094afb0e4@000c49fc-b957-401a-9ec1-a27f437053b1\" target=\"_blank\" rel=\"noreferrer noopener\"><mark style=\"background-color:rgba(0, 0, 0, 0)\" class=\"has-inline-color has-white-color\">Inscr\u00edbete<\/mark><\/a><\/div>\n<\/div>\n\n\n\n<p><\/p>","protected":false},"excerpt":{"rendered":"<p>Igualdad y diversidad en el entorno laboral: Claves para cumplir la ley y potenciar tu empresa La igualdad y la diversidad en el entorno laboral no solo son principios fundamentales de equidad, sino tambi\u00e9n una necesidad legal y una estrategia clave para el \u00e9xito empresarial. Asiste a nuestro webinar en colaboraci\u00f3n con IL Consultor\u00eda y [&hellip;]<\/p>\n","protected":false},"author":2,"featured_media":6969,"comment_status":"closed","ping_status":"closed","sticky":false,"template":"","format":"standard","meta":{"_monsterinsights_skip_tracking":false,"_monsterinsights_sitenote_active":false,"_monsterinsights_sitenote_note":"","_monsterinsights_sitenote_category":0,"footnotes":""},"categories":[10,131],"tags":[],"class_list":["post-6963","post","type-post","status-publish","format-standard","has-post-thumbnail","hentry","category-news","category-noticies"],"yoast_head":"<!-- This site is optimized with the Yoast SEO plugin v27.2 - https:\/\/yoast.com\/product\/yoast-seo-wordpress\/ -->\n<title>Igualdad y diversidad en el entorno laboral - IMAN<\/title>\n<meta name=\"description\" content=\"Asiste a nuestro webinar y descubre c\u00f3mo implementar los planes de igualdad y diversidad en el entorno laboral\" \/>\n<meta name=\"robots\" content=\"index, follow, max-snippet:-1, max-image-preview:large, max-video-preview:-1\" \/>\n<link rel=\"canonical\" href=\"https:\/\/www.imancorp.es\/ca\/2025\/02\/25\/igualdad-y-diversidad-en-el-entorno-laboral\/\" \/>\n<meta property=\"og:locale\" content=\"ca_ES\" \/>\n<meta property=\"og:type\" content=\"article\" \/>\n<meta property=\"og:title\" content=\"Igualdad y diversidad en el entorno laboral - IMAN\" \/>\n<meta property=\"og:description\" content=\"Asiste a nuestro webinar y descubre c\u00f3mo implementar los planes de igualdad y diversidad en el entorno laboral\" \/>\n<meta property=\"og:url\" content=\"https:\/\/www.imancorp.es\/ca\/2025\/02\/25\/igualdad-y-diversidad-en-el-entorno-laboral\/\" \/>\n<meta property=\"og:site_name\" content=\"IMAN\" \/>\n<meta property=\"article:published_time\" content=\"2025-02-25T15:35:36+00:00\" \/>\n<meta property=\"article:modified_time\" content=\"2025-05-22T09:57:01+00:00\" \/>\n<meta property=\"og:image\" content=\"https:\/\/www.imancorp.es\/wp-content\/uploads\/2025\/02\/Igualda-en-el-entorno-laboral.png\" \/>\n\t<meta property=\"og:image:width\" content=\"960\" \/>\n\t<meta property=\"og:image:height\" content=\"280\" \/>\n\t<meta property=\"og:image:type\" content=\"image\/png\" \/>\n<meta name=\"author\" content=\"IMAN MKT\" \/>\n<meta name=\"twitter:card\" content=\"summary_large_image\" \/>\n<meta name=\"twitter:label1\" content=\"Escrit per\" \/>\n\t<meta name=\"twitter:data1\" content=\"IMAN MKT\" \/>\n\t<meta name=\"twitter:label2\" content=\"Temps estimat de lectura\" \/>\n\t<meta name=\"twitter:data2\" content=\"2 minuts\" \/>\n<script type=\"application\/ld+json\" class=\"yoast-schema-graph\">{\"@context\":\"https:\/\/schema.org\",\"@graph\":[{\"@type\":\"Article\",\"@id\":\"https:\/\/www.imancorp.es\/2025\/02\/25\/igualdad-y-diversidad-en-el-entorno-laboral\/#article\",\"isPartOf\":{\"@id\":\"https:\/\/www.imancorp.es\/2025\/02\/25\/igualdad-y-diversidad-en-el-entorno-laboral\/\"},\"author\":{\"name\":\"IMAN MKT\",\"@id\":\"https:\/\/www.imancorp.es\/#\/schema\/person\/a3137806a7fee6488144ac2b5a5c3335\"},\"headline\":\"Igualdad y diversidad en el entorno laboral\",\"datePublished\":\"2025-02-25T15:35:36+00:00\",\"dateModified\":\"2025-05-22T09:57:01+00:00\",\"mainEntityOfPage\":{\"@id\":\"https:\/\/www.imancorp.es\/2025\/02\/25\/igualdad-y-diversidad-en-el-entorno-laboral\/\"},\"wordCount\":394,\"publisher\":{\"@id\":\"https:\/\/www.imancorp.es\/#organization\"},\"image\":{\"@id\":\"https:\/\/www.imancorp.es\/2025\/02\/25\/igualdad-y-diversidad-en-el-entorno-laboral\/#primaryimage\"},\"thumbnailUrl\":\"https:\/\/www.imancorp.es\/wp-content\/uploads\/2025\/02\/Igualda-en-el-entorno-laboral.png\",\"articleSection\":[\"News\",\"Not\u00edcies\"],\"inLanguage\":\"ca\"},{\"@type\":\"WebPage\",\"@id\":\"https:\/\/www.imancorp.es\/2025\/02\/25\/igualdad-y-diversidad-en-el-entorno-laboral\/\",\"url\":\"https:\/\/www.imancorp.es\/2025\/02\/25\/igualdad-y-diversidad-en-el-entorno-laboral\/\",\"name\":\"Igualdad y diversidad en el entorno laboral - IMAN\",\"isPartOf\":{\"@id\":\"https:\/\/www.imancorp.es\/#website\"},\"primaryImageOfPage\":{\"@id\":\"https:\/\/www.imancorp.es\/2025\/02\/25\/igualdad-y-diversidad-en-el-entorno-laboral\/#primaryimage\"},\"image\":{\"@id\":\"https:\/\/www.imancorp.es\/2025\/02\/25\/igualdad-y-diversidad-en-el-entorno-laboral\/#primaryimage\"},\"thumbnailUrl\":\"https:\/\/www.imancorp.es\/wp-content\/uploads\/2025\/02\/Igualda-en-el-entorno-laboral.png\",\"datePublished\":\"2025-02-25T15:35:36+00:00\",\"dateModified\":\"2025-05-22T09:57:01+00:00\",\"description\":\"Asiste a nuestro webinar y descubre c\u00f3mo implementar los planes de igualdad y diversidad en el entorno laboral\",\"breadcrumb\":{\"@id\":\"https:\/\/www.imancorp.es\/2025\/02\/25\/igualdad-y-diversidad-en-el-entorno-laboral\/#breadcrumb\"},\"inLanguage\":\"ca\",\"potentialAction\":[{\"@type\":\"ReadAction\",\"target\":[\"https:\/\/www.imancorp.es\/2025\/02\/25\/igualdad-y-diversidad-en-el-entorno-laboral\/\"]}]},{\"@type\":\"ImageObject\",\"inLanguage\":\"ca\",\"@id\":\"https:\/\/www.imancorp.es\/2025\/02\/25\/igualdad-y-diversidad-en-el-entorno-laboral\/#primaryimage\",\"url\":\"https:\/\/www.imancorp.es\/wp-content\/uploads\/2025\/02\/Igualda-en-el-entorno-laboral.png\",\"contentUrl\":\"https:\/\/www.imancorp.es\/wp-content\/uploads\/2025\/02\/Igualda-en-el-entorno-laboral.png\",\"width\":960,\"height\":280},{\"@type\":\"BreadcrumbList\",\"@id\":\"https:\/\/www.imancorp.es\/2025\/02\/25\/igualdad-y-diversidad-en-el-entorno-laboral\/#breadcrumb\",\"itemListElement\":[{\"@type\":\"ListItem\",\"position\":1,\"name\":\"Portada\",\"item\":\"https:\/\/www.imancorp.es\/\"},{\"@type\":\"ListItem\",\"position\":2,\"name\":\"Igualdad y diversidad en el entorno laboral\"}]},{\"@type\":\"WebSite\",\"@id\":\"https:\/\/www.imancorp.es\/#website\",\"url\":\"https:\/\/www.imancorp.es\/\",\"name\":\"IMAN\",\"description\":\"\",\"publisher\":{\"@id\":\"https:\/\/www.imancorp.es\/#organization\"},\"potentialAction\":[{\"@type\":\"SearchAction\",\"target\":{\"@type\":\"EntryPoint\",\"urlTemplate\":\"https:\/\/www.imancorp.es\/?s={search_term_string}\"},\"query-input\":{\"@type\":\"PropertyValueSpecification\",\"valueRequired\":true,\"valueName\":\"search_term_string\"}}],\"inLanguage\":\"ca\"},{\"@type\":\"Organization\",\"@id\":\"https:\/\/www.imancorp.es\/#organization\",\"name\":\"IMAN\",\"url\":\"https:\/\/www.imancorp.es\/\",\"logo\":{\"@type\":\"ImageObject\",\"inLanguage\":\"ca\",\"@id\":\"https:\/\/www.imancorp.es\/#\/schema\/logo\/image\/\",\"url\":\"https:\/\/www.imancorp.es\/wp-content\/uploads\/2024\/03\/Logotipo-IMAN.png\",\"contentUrl\":\"https:\/\/www.imancorp.es\/wp-content\/uploads\/2024\/03\/Logotipo-IMAN.png\",\"width\":554,\"height\":150,\"caption\":\"IMAN\"},\"image\":{\"@id\":\"https:\/\/www.imancorp.es\/#\/schema\/logo\/image\/\"}},{\"@type\":\"Person\",\"@id\":\"https:\/\/www.imancorp.es\/#\/schema\/person\/a3137806a7fee6488144ac2b5a5c3335\",\"name\":\"IMAN MKT\"}]}<\/script>\n<!-- \/ Yoast SEO plugin. -->","yoast_head_json":{"title":"Igualdad y diversidad en el entorno laboral - IMAN","description":"Asiste a nuestro webinar y descubre c\u00f3mo implementar los planes de igualdad y diversidad en el entorno laboral","robots":{"index":"index","follow":"follow","max-snippet":"max-snippet:-1","max-image-preview":"max-image-preview:large","max-video-preview":"max-video-preview:-1"},"canonical":"https:\/\/www.imancorp.es\/ca\/2025\/02\/25\/igualdad-y-diversidad-en-el-entorno-laboral\/","og_locale":"ca_ES","og_type":"article","og_title":"Igualdad y diversidad en el entorno laboral - IMAN","og_description":"Asiste a nuestro webinar y descubre c\u00f3mo implementar los planes de igualdad y diversidad en el entorno laboral","og_url":"https:\/\/www.imancorp.es\/ca\/2025\/02\/25\/igualdad-y-diversidad-en-el-entorno-laboral\/","og_site_name":"IMAN","article_published_time":"2025-02-25T15:35:36+00:00","article_modified_time":"2025-05-22T09:57:01+00:00","og_image":[{"width":960,"height":280,"url":"https:\/\/www.imancorp.es\/wp-content\/uploads\/2025\/02\/Igualda-en-el-entorno-laboral.png","type":"image\/png"}],"author":"IMAN MKT","twitter_card":"summary_large_image","twitter_misc":{"Escrit per":"IMAN MKT","Temps estimat de lectura":"2 minuts"},"schema":{"@context":"https:\/\/schema.org","@graph":[{"@type":"Article","@id":"https:\/\/www.imancorp.es\/2025\/02\/25\/igualdad-y-diversidad-en-el-entorno-laboral\/#article","isPartOf":{"@id":"https:\/\/www.imancorp.es\/2025\/02\/25\/igualdad-y-diversidad-en-el-entorno-laboral\/"},"author":{"name":"IMAN MKT","@id":"https:\/\/www.imancorp.es\/#\/schema\/person\/a3137806a7fee6488144ac2b5a5c3335"},"headline":"Igualdad y diversidad en el entorno laboral","datePublished":"2025-02-25T15:35:36+00:00","dateModified":"2025-05-22T09:57:01+00:00","mainEntityOfPage":{"@id":"https:\/\/www.imancorp.es\/2025\/02\/25\/igualdad-y-diversidad-en-el-entorno-laboral\/"},"wordCount":394,"publisher":{"@id":"https:\/\/www.imancorp.es\/#organization"},"image":{"@id":"https:\/\/www.imancorp.es\/2025\/02\/25\/igualdad-y-diversidad-en-el-entorno-laboral\/#primaryimage"},"thumbnailUrl":"https:\/\/www.imancorp.es\/wp-content\/uploads\/2025\/02\/Igualda-en-el-entorno-laboral.png","articleSection":["News","Not\u00edcies"],"inLanguage":"ca"},{"@type":"WebPage","@id":"https:\/\/www.imancorp.es\/2025\/02\/25\/igualdad-y-diversidad-en-el-entorno-laboral\/","url":"https:\/\/www.imancorp.es\/2025\/02\/25\/igualdad-y-diversidad-en-el-entorno-laboral\/","name":"Igualdad y diversidad en el entorno laboral - IMAN","isPartOf":{"@id":"https:\/\/www.imancorp.es\/#website"},"primaryImageOfPage":{"@id":"https:\/\/www.imancorp.es\/2025\/02\/25\/igualdad-y-diversidad-en-el-entorno-laboral\/#primaryimage"},"image":{"@id":"https:\/\/www.imancorp.es\/2025\/02\/25\/igualdad-y-diversidad-en-el-entorno-laboral\/#primaryimage"},"thumbnailUrl":"https:\/\/www.imancorp.es\/wp-content\/uploads\/2025\/02\/Igualda-en-el-entorno-laboral.png","datePublished":"2025-02-25T15:35:36+00:00","dateModified":"2025-05-22T09:57:01+00:00","description":"Asiste a nuestro webinar y descubre c\u00f3mo implementar los planes de igualdad y diversidad en el entorno laboral","breadcrumb":{"@id":"https:\/\/www.imancorp.es\/2025\/02\/25\/igualdad-y-diversidad-en-el-entorno-laboral\/#breadcrumb"},"inLanguage":"ca","potentialAction":[{"@type":"ReadAction","target":["https:\/\/www.imancorp.es\/2025\/02\/25\/igualdad-y-diversidad-en-el-entorno-laboral\/"]}]},{"@type":"ImageObject","inLanguage":"ca","@id":"https:\/\/www.imancorp.es\/2025\/02\/25\/igualdad-y-diversidad-en-el-entorno-laboral\/#primaryimage","url":"https:\/\/www.imancorp.es\/wp-content\/uploads\/2025\/02\/Igualda-en-el-entorno-laboral.png","contentUrl":"https:\/\/www.imancorp.es\/wp-content\/uploads\/2025\/02\/Igualda-en-el-entorno-laboral.png","width":960,"height":280},{"@type":"BreadcrumbList","@id":"https:\/\/www.imancorp.es\/2025\/02\/25\/igualdad-y-diversidad-en-el-entorno-laboral\/#breadcrumb","itemListElement":[{"@type":"ListItem","position":1,"name":"Portada","item":"https:\/\/www.imancorp.es\/"},{"@type":"ListItem","position":2,"name":"Igualdad y diversidad en el entorno laboral"}]},{"@type":"WebSite","@id":"https:\/\/www.imancorp.es\/#website","url":"https:\/\/www.imancorp.es\/","name":"IMAN","description":"","publisher":{"@id":"https:\/\/www.imancorp.es\/#organization"},"potentialAction":[{"@type":"SearchAction","target":{"@type":"EntryPoint","urlTemplate":"https:\/\/www.imancorp.es\/?s={search_term_string}"},"query-input":{"@type":"PropertyValueSpecification","valueRequired":true,"valueName":"search_term_string"}}],"inLanguage":"ca"},{"@type":"Organization","@id":"https:\/\/www.imancorp.es\/#organization","name":"IMAN","url":"https:\/\/www.imancorp.es\/","logo":{"@type":"ImageObject","inLanguage":"ca","@id":"https:\/\/www.imancorp.es\/#\/schema\/logo\/image\/","url":"https:\/\/www.imancorp.es\/wp-content\/uploads\/2024\/03\/Logotipo-IMAN.png","contentUrl":"https:\/\/www.imancorp.es\/wp-content\/uploads\/2024\/03\/Logotipo-IMAN.png","width":554,"height":150,"caption":"IMAN"},"image":{"@id":"https:\/\/www.imancorp.es\/#\/schema\/logo\/image\/"}},{"@type":"Person","@id":"https:\/\/www.imancorp.es\/#\/schema\/person\/a3137806a7fee6488144ac2b5a5c3335","name":"IMAN MKT"}]}},"_links":{"self":[{"href":"https:\/\/www.imancorp.es\/ca\/wp-json\/wp\/v2\/posts\/6963","targetHints":{"allow":["GET"]}}],"collection":[{"href":"https:\/\/www.imancorp.es\/ca\/wp-json\/wp\/v2\/posts"}],"about":[{"href":"https:\/\/www.imancorp.es\/ca\/wp-json\/wp\/v2\/types\/post"}],"author":[{"embeddable":true,"href":"https:\/\/www.imancorp.es\/ca\/wp-json\/wp\/v2\/users\/2"}],"replies":[{"embeddable":true,"href":"https:\/\/www.imancorp.es\/ca\/wp-json\/wp\/v2\/comments?post=6963"}],"version-history":[{"count":12,"href":"https:\/\/www.imancorp.es\/ca\/wp-json\/wp\/v2\/posts\/6963\/revisions"}],"predecessor-version":[{"id":7035,"href":"https:\/\/www.imancorp.es\/ca\/wp-json\/wp\/v2\/posts\/6963\/revisions\/7035"}],"wp:featuredmedia":[{"embeddable":true,"href":"https:\/\/www.imancorp.es\/ca\/wp-json\/wp\/v2\/media\/6969"}],"wp:attachment":[{"href":"https:\/\/www.imancorp.es\/ca\/wp-json\/wp\/v2\/media?parent=6963"}],"wp:term":[{"taxonomy":"category","embeddable":true,"href":"https:\/\/www.imancorp.es\/ca\/wp-json\/wp\/v2\/categories?post=6963"},{"taxonomy":"post_tag","embeddable":true,"href":"https:\/\/www.imancorp.es\/ca\/wp-json\/wp\/v2\/tags?post=6963"}],"curies":[{"name":"wp","href":"https:\/\/api.w.org\/{rel}","templated":true}]}}