{"id":6863,"date":"2025-01-15T17:56:17","date_gmt":"2025-01-15T16:56:17","guid":{"rendered":"https:\/\/www.imancorp.es\/?p=6863"},"modified":"2025-05-22T11:57:06","modified_gmt":"2025-05-22T09:57:06","slug":"te-gustaria-liderar-el-futuro-de-los-rrhh","status":"publish","type":"post","link":"https:\/\/www.imancorp.es\/ca\/2025\/01\/15\/te-gustaria-liderar-el-futuro-de-los-rrhh\/","title":{"rendered":"\u00bfTe gustar\u00eda liderar el futuro de los RRHH?"},"content":{"rendered":"<div data-elementor-type=\"wp-post\" data-elementor-id=\"6863\" class=\"elementor elementor-6863\" data-elementor-post-type=\"post\">\n\t\t\t\t\t\t<section class=\"elementor-section elementor-top-section elementor-element elementor-element-fc514ac elementor-section-boxed elementor-section-height-default elementor-section-height-default\" data-id=\"fc514ac\" data-element_type=\"section\" data-e-type=\"section\">\n\t\t\t\t\t\t<div class=\"elementor-container elementor-column-gap-default\">\n\t\t\t\t\t<div class=\"elementor-column elementor-col-100 elementor-top-column elementor-element elementor-element-3f9aafd\" data-id=\"3f9aafd\" data-element_type=\"column\" data-e-type=\"column\">\n\t\t\t<div class=\"elementor-widget-wrap elementor-element-populated\">\n\t\t\t\t\t\t<div class=\"elementor-element elementor-element-856034c elementor-widget elementor-widget-image\" data-id=\"856034c\" data-element_type=\"widget\" data-e-type=\"widget\" data-widget_type=\"image.default\">\n\t\t\t\t<div class=\"elementor-widget-container\">\n\t\t\t\t\t\t\t\t\t\t\t\t\t\t\t<img loading=\"lazy\" decoding=\"async\" width=\"850\" height=\"342\" src=\"https:\/\/www.imancorp.es\/wp-content\/uploads\/2025\/01\/BannerBlog.png\" class=\"attachment-large size-large wp-image-6864\" alt=\"\" srcset=\"https:\/\/www.imancorp.es\/wp-content\/uploads\/2025\/01\/BannerBlog.png 850w, https:\/\/www.imancorp.es\/wp-content\/uploads\/2025\/01\/BannerBlog-300x121.png 300w, https:\/\/www.imancorp.es\/wp-content\/uploads\/2025\/01\/BannerBlog-768x309.png 768w, https:\/\/www.imancorp.es\/wp-content\/uploads\/2025\/01\/BannerBlog-18x7.png 18w\" sizes=\"auto, (max-width: 850px) 100vw, 850px\" \/>\t\t\t\t\t\t\t\t\t\t\t\t\t\t\t<\/div>\n\t\t\t\t<\/div>\n\t\t\t\t\t<\/div>\n\t\t<\/div>\n\t\t\t\t\t<\/div>\n\t\t<\/section>\n\t\t\t\t<section class=\"elementor-section elementor-top-section elementor-element elementor-element-5d93fa8d elementor-section-boxed elementor-section-height-default elementor-section-height-default\" data-id=\"5d93fa8d\" data-element_type=\"section\" data-e-type=\"section\">\n\t\t\t\t\t\t<div class=\"elementor-container elementor-column-gap-default\">\n\t\t\t\t\t<div class=\"elementor-column elementor-col-100 elementor-top-column elementor-element elementor-element-5476caf9\" data-id=\"5476caf9\" data-element_type=\"column\" data-e-type=\"column\">\n\t\t\t<div class=\"elementor-widget-wrap elementor-element-populated\">\n\t\t\t\t\t\t<div class=\"elementor-element elementor-element-5ed3c58a elementor-widget elementor-widget-text-editor\" data-id=\"5ed3c58a\" data-element_type=\"widget\" data-e-type=\"widget\" data-widget_type=\"text-editor.default\">\n\t\t\t\t<div class=\"elementor-widget-container\">\n\t\t\t\t\t\t\t\t\t\n<h2 class=\"wp-block-heading\">\u00a1Prep\u00e1rate para revolucionar los RRHH con IAG!<\/h2>\n\n<p>Inscr\u00edbete a nuestro programa \u201cExperto en IAG aplicada a RRHH\u201d y forma parte de la revoluci\u00f3n.<\/p>\n\n<p>\u00bfQu\u00e9 vas a descubrir en nuestro Programa?<\/p>\n\n<ol class=\"wp-block-list\">\n<li><mark class=\"has-inline-color has-luminous-vivid-orange-color\" style=\"background-color: rgba(0, 0, 0, 0);\">Inteligencia artificial generativa:<\/mark> Explorar los conceptos b\u00e1sicos de la IAG, hacer un repaso general sobre sus bases, las herramientas y las potencialidades de uso de ellas.<\/li>\n\n<li><mark class=\"has-inline-color has-luminous-vivid-orange-color\" style=\"background-color: rgba(0, 0, 0, 0);\">T\u00e9cnicas de Prompting:<\/mark> Te ense\u00f1aremos las bases de c\u00f3mo hablar con la IA, revisaremos diferentes t\u00e9cnicas de prompting y las diferentes estrategias de c\u00f3mo construir verdaderos copilotos en nuestro d\u00eda a d\u00eda.<\/li>\n\n<li><mark class=\"has-inline-color has-luminous-vivid-orange-color\" style=\"background-color: rgba(0, 0, 0, 0);\">Casos de uso de productividad:<\/mark> Descubrir\u00e1s las distintas estrategias para la b\u00fasqueda, resumen, s\u00edntesis de informaci\u00f3n, toma de decisiones y escritura de documentos y c\u00f3mo hacer para ahorrar tiempo y mejorar nuestra productividad.<\/li>\n\n<li><mark class=\"has-inline-color has-luminous-vivid-orange-color\" style=\"background-color: rgba(0, 0, 0, 0);\">Casos de uso de creatividad:<\/mark> Explorar\u00e1s como crear audio, video, imagen.<\/li>\n\n<li><mark class=\"has-inline-color has-luminous-vivid-orange-color\" style=\"background-color: rgba(0, 0, 0, 0);\">Agentes conversacionales:<\/mark> Aprender\u00e1s como generar agentes personalizados y adaptar los LLM a tus necesidades, a la vez c\u00f3mo es posible generarlos para el di\u00e1logo con otros.<\/li>\n\n<li><mark class=\"has-inline-color has-luminous-vivid-orange-color\" style=\"background-color: rgba(0, 0, 0, 0);\">IA responsable:<\/mark> Como gestionar Deep Fakes, alucinaciones, sesgos, reglamentaciones.<\/li>\n<\/ol>\n\n<p>Todos estos conocimientos ser\u00e1n impartidos por grandes profesionales como:<\/p>\n\n<div class=\"wp-block-columns is-layout-flex wp-container-core-columns-is-layout-9d6595d7 wp-block-columns-is-layout-flex\">\n<div class=\"wp-block-column is-layout-flow wp-block-column-is-layout-flow\">\n<ul class=\"wp-block-list\">\n<li><a href=\"https:\/\/www.linkedin.com\/in\/alrayon?miniProfileUrn=urn%3Ali%3Afs_miniProfile%3AACoAAAGu_LcBSYxvBOx7ILerYMfUd2fSYSOPUSA&amp;lipi=urn%3Ali%3Apage%3Ad_flagship3_search_srp_all%3BYmE2Tq4mTJuZ%2BTTHM%2Bc6NQ%3D%3D\">Alex Ray\u00f3n Jerez<\/a> | Co-Founder and CEO | brainandcode.tech<\/li>\n\n<li><a href=\"https:\/\/es.linkedin.com\/in\/iker-prieto-ramirez\">Iker Prieto Ram\u00edrez <\/a>| Data Analytics y Global Reporting<\/li>\n\n<li><a href=\"https:\/\/es.linkedin.com\/in\/pedro-fresno\/es\">Pedro Fresno<\/a> | Supply Chain &amp; Operations Manager | Demand Planning | Sales &amp; Operations Planning (S&amp;OP)<\/li>\n\n<li><a href=\"https:\/\/es.linkedin.com\/in\/iulenib1978\/es\">Iulen Iba\u00f1ez<\/a> | CEO &amp; Founder datacy \u25ef data driven decisions<\/li>\n\n<li><a href=\"https:\/\/es.linkedin.com\/in\/inigo-orue\/es\">I\u00f1igo Orue<\/a> | Project Manager @ Iberdrola | Big Data &amp; Visual Analytics | Ingeniero Inform\u00e1tico<\/li>\n<\/ul>\n<\/div>\n\n<div class=\"wp-block-column is-layout-flow wp-block-column-is-layout-flow\">\n<ul class=\"wp-block-list\">\n<li><a href=\"https:\/\/es.linkedin.com\/in\/luc%C3%ADa-ch%C3%A1varri-padilla-98411167\">Luc\u00eda Ch\u00e1varri<\/a> | Co-founder Nubalis | Digital Consultant | ex-Cabify | ex-PwC<\/li>\n\n<li><a href=\"https:\/\/www.linkedin.com\/in\/josemarincastillobrain\/\">Jos\u00e9 Mar\u00edn<\/a> | Especialista en Estrategia | Marketing | Comunicaci\u00f3n<\/li>\n\n<li><a href=\"https:\/\/es.linkedin.com\/in\/guillermo-laspra-guisasola-software-engineering-specialist\">Guillermo Laspra<\/a> | Software Engineering Specialist | IT Project Manager<\/li>\n\n<li><a href=\"https:\/\/es.linkedin.com\/in\/claradeluna\">Clara De Luna<\/a> | Divulgadora sobre Inteligencia Artificial | Ingeniera de Sonido e Imagen | Cantante | Actriz<\/li>\n\n<li><a href=\"https:\/\/es.linkedin.com\/in\/ivanfanego\">Iv\u00e1n Fanego<\/a> | CEO at AppCritic | Marketing Speaker | Working for B2B SaaS<\/li>\n<\/ul>\n<\/div>\n<\/div>\n\n<p>\u00a1Inscr\u00edbete ahora en nuestro programa \u201cExperto en IAG aplicada a RRHH\u201d y da el siguiente paso hacia el futuro en la gesti\u00f3n de talento!<\/p>\n\n<div class=\"wp-block-spacer\" style=\"height: 33px;\" aria-hidden=\"true\">\u00a0<\/div>\n\n<div class=\"wp-block-buttons is-horizontal is-content-justification-center is-layout-flex wp-container-core-buttons-is-layout-ddb39544 wp-block-buttons-is-layout-flex\">\n<div class=\"wp-block-button\"><a class=\"wp-block-button__link has-text-align-center wp-element-button\" href=\"https:\/\/forms.gle\/fn3EtnJhtbm3seum9\">Inscr\u00edbete<\/a><\/div>\n<\/div>\n\n<div class=\"wp-block-spacer\" style=\"height: 33px;\" aria-hidden=\"true\">\u00a0<\/div>\n\n<p>\u00bfQuieres saber m\u00e1s? Encuentra aqu\u00ed toda la informaci\u00f3n:<\/p>\n\n<div data-wp-interactive=\"core\/file\" class=\"wp-block-file\"><object data-wp-bind--hidden=\"!state.hasPdfPreview\" hidden class=\"wp-block-file__embed\" style=\"width: 100%; height: 600px;\" data=\"https:\/\/www.imancorp.es\/wp-content\/uploads\/2025\/01\/2025-Brochure-IMAN-Consulting-.pdf\" type=\"application\/pdf\" width=\"300\" height=\"150\" aria-label=\"Incrustaci\u00f3 del fitxer IMAN Consulting.\"><\/object><a id=\"wp-block-file--media-c13b4943-6b3a-46f5-ab37-0e1bc94ae7cd\" href=\"https:\/\/www.imancorp.es\/wp-content\/uploads\/2025\/01\/2025-Brochure-IMAN-Consulting-.pdf\">IMAN Consulting<\/a><a class=\"wp-block-file__button wp-element-button\" href=\"https:\/\/www.imancorp.es\/wp-content\/uploads\/2025\/01\/2025-Brochure-IMAN-Consulting-.pdf\" download=\"\" aria-describedby=\"wp-block-file--media-c13b4943-6b3a-46f5-ab37-0e1bc94ae7cd\">Descarga<\/a><\/div>\n\n<div class=\"wp-block-group\"><div class=\"wp-block-group__inner-container is-layout-constrained wp-block-group-is-layout-constrained\">\u00a0<\/div><\/div>\n\n<p>\u00a0<\/p>\n\t\t\t\t\t\t\t\t<\/div>\n\t\t\t\t<\/div>\n\t\t\t\t\t<\/div>\n\t\t<\/div>\n\t\t\t\t\t<\/div>\n\t\t<\/section>\n\t\t\t\t<\/div>","protected":false},"excerpt":{"rendered":"<p>\u00a1Prep\u00e1rate para revolucionar los RRHH con IAG! Inscr\u00edbete a nuestro programa \u201cExperto en IAG aplicada a RRHH\u201d y forma parte de la revoluci\u00f3n. \u00bfQu\u00e9 vas a descubrir en nuestro Programa? \u00a1Inscr\u00edbete ahora en nuestro programa \u201cExperto en IAG aplicada a RRHH\u201d y da el siguiente paso hacia el futuro en la gesti\u00f3n de talento! \u00bfQuieres [&hellip;]<\/p>\n","protected":false},"author":2,"featured_media":6864,"comment_status":"closed","ping_status":"closed","sticky":false,"template":"","format":"standard","meta":{"_monsterinsights_skip_tracking":false,"_monsterinsights_sitenote_active":false,"_monsterinsights_sitenote_note":"","_monsterinsights_sitenote_category":0,"footnotes":""},"categories":[10,131],"tags":[132,162,163,135],"class_list":["post-6863","post","type-post","status-publish","format-standard","has-post-thumbnail","hentry","category-news","category-noticies","tag-ia","tag-iag","tag-imanisattraction","tag-rrhh"],"yoast_head":"<!-- This site is optimized with the Yoast SEO plugin v27.2 - https:\/\/yoast.com\/product\/yoast-seo-wordpress\/ -->\n<title>\u00bfTe gustar\u00eda liderar el futuro de los RRHH con la IAG?<\/title>\n<meta name=\"description\" content=\"Inscr\u00edbete a nuestro programa \u201cExperto en IAG aplicada a RRHH\u201d y descubre t\u00e9cnicas de Prompting, IA responsable y mucho m\u00e1s...\" \/>\n<meta name=\"robots\" content=\"index, follow, max-snippet:-1, max-image-preview:large, max-video-preview:-1\" \/>\n<link rel=\"canonical\" href=\"https:\/\/www.imancorp.es\/ca\/2025\/01\/15\/te-gustaria-liderar-el-futuro-de-los-rrhh\/\" \/>\n<meta property=\"og:locale\" content=\"ca_ES\" \/>\n<meta property=\"og:type\" content=\"article\" \/>\n<meta property=\"og:title\" content=\"\u00bfTe gustar\u00eda liderar el futuro de los RRHH con la IAG?\" \/>\n<meta property=\"og:description\" content=\"Inscr\u00edbete a nuestro programa \u201cExperto en IAG aplicada a RRHH\u201d y descubre t\u00e9cnicas de Prompting, IA responsable y mucho m\u00e1s...\" \/>\n<meta property=\"og:url\" content=\"https:\/\/www.imancorp.es\/ca\/2025\/01\/15\/te-gustaria-liderar-el-futuro-de-los-rrhh\/\" \/>\n<meta property=\"og:site_name\" content=\"IMAN\" \/>\n<meta property=\"article:published_time\" content=\"2025-01-15T16:56:17+00:00\" \/>\n<meta property=\"article:modified_time\" content=\"2025-05-22T09:57:06+00:00\" \/>\n<meta property=\"og:image\" content=\"https:\/\/www.imancorp.es\/wp-content\/uploads\/2025\/01\/Experto-en-IAG-aplicada-a-RRHH.png\" \/>\n\t<meta property=\"og:image:width\" content=\"1200\" \/>\n\t<meta property=\"og:image:height\" content=\"628\" \/>\n\t<meta property=\"og:image:type\" content=\"image\/png\" \/>\n<meta name=\"author\" content=\"IMAN MKT\" \/>\n<meta name=\"twitter:card\" content=\"summary_large_image\" \/>\n<meta name=\"twitter:label1\" content=\"Escrit per\" \/>\n\t<meta name=\"twitter:data1\" content=\"IMAN MKT\" \/>\n\t<meta name=\"twitter:label2\" content=\"Temps estimat de lectura\" \/>\n\t<meta name=\"twitter:data2\" content=\"2 minuts\" \/>\n<script type=\"application\/ld+json\" class=\"yoast-schema-graph\">{\"@context\":\"https:\/\/schema.org\",\"@graph\":[{\"@type\":[\"Article\",\"BlogPosting\"],\"@id\":\"https:\/\/www.imancorp.es\/2025\/01\/15\/te-gustaria-liderar-el-futuro-de-los-rrhh\/#article\",\"isPartOf\":{\"@id\":\"https:\/\/www.imancorp.es\/2025\/01\/15\/te-gustaria-liderar-el-futuro-de-los-rrhh\/\"},\"author\":{\"name\":\"IMAN MKT\",\"@id\":\"https:\/\/www.imancorp.es\/#\/schema\/person\/a3137806a7fee6488144ac2b5a5c3335\"},\"headline\":\"\u00bfTe gustar\u00eda liderar el futuro de los RRHH?\",\"datePublished\":\"2025-01-15T16:56:17+00:00\",\"dateModified\":\"2025-05-22T09:57:06+00:00\",\"mainEntityOfPage\":{\"@id\":\"https:\/\/www.imancorp.es\/2025\/01\/15\/te-gustaria-liderar-el-futuro-de-los-rrhh\/\"},\"wordCount\":241,\"publisher\":{\"@id\":\"https:\/\/www.imancorp.es\/#organization\"},\"image\":{\"@id\":\"https:\/\/www.imancorp.es\/2025\/01\/15\/te-gustaria-liderar-el-futuro-de-los-rrhh\/#primaryimage\"},\"thumbnailUrl\":\"https:\/\/www.imancorp.es\/wp-content\/uploads\/2025\/01\/BannerBlog.png\",\"keywords\":[\"IA\",\"IAG\",\"IMANisattraction\",\"RRHH\"],\"articleSection\":[\"News\",\"Not\u00edcies\"],\"inLanguage\":\"ca\"},{\"@type\":\"WebPage\",\"@id\":\"https:\/\/www.imancorp.es\/2025\/01\/15\/te-gustaria-liderar-el-futuro-de-los-rrhh\/\",\"url\":\"https:\/\/www.imancorp.es\/2025\/01\/15\/te-gustaria-liderar-el-futuro-de-los-rrhh\/\",\"name\":\"\u00bfTe gustar\u00eda liderar el futuro de los RRHH con la IAG?\",\"isPartOf\":{\"@id\":\"https:\/\/www.imancorp.es\/#website\"},\"primaryImageOfPage\":{\"@id\":\"https:\/\/www.imancorp.es\/2025\/01\/15\/te-gustaria-liderar-el-futuro-de-los-rrhh\/#primaryimage\"},\"image\":{\"@id\":\"https:\/\/www.imancorp.es\/2025\/01\/15\/te-gustaria-liderar-el-futuro-de-los-rrhh\/#primaryimage\"},\"thumbnailUrl\":\"https:\/\/www.imancorp.es\/wp-content\/uploads\/2025\/01\/BannerBlog.png\",\"datePublished\":\"2025-01-15T16:56:17+00:00\",\"dateModified\":\"2025-05-22T09:57:06+00:00\",\"description\":\"Inscr\u00edbete a nuestro programa \u201cExperto en IAG aplicada a RRHH\u201d y descubre t\u00e9cnicas de Prompting, IA responsable y mucho m\u00e1s...\",\"breadcrumb\":{\"@id\":\"https:\/\/www.imancorp.es\/2025\/01\/15\/te-gustaria-liderar-el-futuro-de-los-rrhh\/#breadcrumb\"},\"inLanguage\":\"ca\",\"potentialAction\":[{\"@type\":\"ReadAction\",\"target\":[\"https:\/\/www.imancorp.es\/2025\/01\/15\/te-gustaria-liderar-el-futuro-de-los-rrhh\/\"]}]},{\"@type\":\"ImageObject\",\"inLanguage\":\"ca\",\"@id\":\"https:\/\/www.imancorp.es\/2025\/01\/15\/te-gustaria-liderar-el-futuro-de-los-rrhh\/#primaryimage\",\"url\":\"https:\/\/www.imancorp.es\/wp-content\/uploads\/2025\/01\/BannerBlog.png\",\"contentUrl\":\"https:\/\/www.imancorp.es\/wp-content\/uploads\/2025\/01\/BannerBlog.png\",\"width\":850,\"height\":342},{\"@type\":\"BreadcrumbList\",\"@id\":\"https:\/\/www.imancorp.es\/2025\/01\/15\/te-gustaria-liderar-el-futuro-de-los-rrhh\/#breadcrumb\",\"itemListElement\":[{\"@type\":\"ListItem\",\"position\":1,\"name\":\"Portada\",\"item\":\"https:\/\/www.imancorp.es\/\"},{\"@type\":\"ListItem\",\"position\":2,\"name\":\"\u00bfTe gustar\u00eda liderar el futuro de los RRHH?\"}]},{\"@type\":\"WebSite\",\"@id\":\"https:\/\/www.imancorp.es\/#website\",\"url\":\"https:\/\/www.imancorp.es\/\",\"name\":\"IMAN\",\"description\":\"\",\"publisher\":{\"@id\":\"https:\/\/www.imancorp.es\/#organization\"},\"potentialAction\":[{\"@type\":\"SearchAction\",\"target\":{\"@type\":\"EntryPoint\",\"urlTemplate\":\"https:\/\/www.imancorp.es\/?s={search_term_string}\"},\"query-input\":{\"@type\":\"PropertyValueSpecification\",\"valueRequired\":true,\"valueName\":\"search_term_string\"}}],\"inLanguage\":\"ca\"},{\"@type\":\"Organization\",\"@id\":\"https:\/\/www.imancorp.es\/#organization\",\"name\":\"IMAN\",\"url\":\"https:\/\/www.imancorp.es\/\",\"logo\":{\"@type\":\"ImageObject\",\"inLanguage\":\"ca\",\"@id\":\"https:\/\/www.imancorp.es\/#\/schema\/logo\/image\/\",\"url\":\"https:\/\/www.imancorp.es\/wp-content\/uploads\/2024\/03\/Logotipo-IMAN.png\",\"contentUrl\":\"https:\/\/www.imancorp.es\/wp-content\/uploads\/2024\/03\/Logotipo-IMAN.png\",\"width\":554,\"height\":150,\"caption\":\"IMAN\"},\"image\":{\"@id\":\"https:\/\/www.imancorp.es\/#\/schema\/logo\/image\/\"}},{\"@type\":\"Person\",\"@id\":\"https:\/\/www.imancorp.es\/#\/schema\/person\/a3137806a7fee6488144ac2b5a5c3335\",\"name\":\"IMAN MKT\"}]}<\/script>\n<!-- \/ Yoast SEO plugin. -->","yoast_head_json":{"title":"\u00bfTe gustar\u00eda liderar el futuro de los RRHH con la IAG?","description":"Inscr\u00edbete a nuestro programa \u201cExperto en IAG aplicada a RRHH\u201d y descubre t\u00e9cnicas de Prompting, IA responsable y mucho m\u00e1s...","robots":{"index":"index","follow":"follow","max-snippet":"max-snippet:-1","max-image-preview":"max-image-preview:large","max-video-preview":"max-video-preview:-1"},"canonical":"https:\/\/www.imancorp.es\/ca\/2025\/01\/15\/te-gustaria-liderar-el-futuro-de-los-rrhh\/","og_locale":"ca_ES","og_type":"article","og_title":"\u00bfTe gustar\u00eda liderar el futuro de los RRHH con la IAG?","og_description":"Inscr\u00edbete a nuestro programa \u201cExperto en IAG aplicada a RRHH\u201d y descubre t\u00e9cnicas de Prompting, IA responsable y mucho m\u00e1s...","og_url":"https:\/\/www.imancorp.es\/ca\/2025\/01\/15\/te-gustaria-liderar-el-futuro-de-los-rrhh\/","og_site_name":"IMAN","article_published_time":"2025-01-15T16:56:17+00:00","article_modified_time":"2025-05-22T09:57:06+00:00","og_image":[{"width":1200,"height":628,"url":"https:\/\/www.imancorp.es\/wp-content\/uploads\/2025\/01\/Experto-en-IAG-aplicada-a-RRHH.png","type":"image\/png"}],"author":"IMAN MKT","twitter_card":"summary_large_image","twitter_misc":{"Escrit per":"IMAN MKT","Temps estimat de lectura":"2 minuts"},"schema":{"@context":"https:\/\/schema.org","@graph":[{"@type":["Article","BlogPosting"],"@id":"https:\/\/www.imancorp.es\/2025\/01\/15\/te-gustaria-liderar-el-futuro-de-los-rrhh\/#article","isPartOf":{"@id":"https:\/\/www.imancorp.es\/2025\/01\/15\/te-gustaria-liderar-el-futuro-de-los-rrhh\/"},"author":{"name":"IMAN MKT","@id":"https:\/\/www.imancorp.es\/#\/schema\/person\/a3137806a7fee6488144ac2b5a5c3335"},"headline":"\u00bfTe gustar\u00eda liderar el futuro de los RRHH?","datePublished":"2025-01-15T16:56:17+00:00","dateModified":"2025-05-22T09:57:06+00:00","mainEntityOfPage":{"@id":"https:\/\/www.imancorp.es\/2025\/01\/15\/te-gustaria-liderar-el-futuro-de-los-rrhh\/"},"wordCount":241,"publisher":{"@id":"https:\/\/www.imancorp.es\/#organization"},"image":{"@id":"https:\/\/www.imancorp.es\/2025\/01\/15\/te-gustaria-liderar-el-futuro-de-los-rrhh\/#primaryimage"},"thumbnailUrl":"https:\/\/www.imancorp.es\/wp-content\/uploads\/2025\/01\/BannerBlog.png","keywords":["IA","IAG","IMANisattraction","RRHH"],"articleSection":["News","Not\u00edcies"],"inLanguage":"ca"},{"@type":"WebPage","@id":"https:\/\/www.imancorp.es\/2025\/01\/15\/te-gustaria-liderar-el-futuro-de-los-rrhh\/","url":"https:\/\/www.imancorp.es\/2025\/01\/15\/te-gustaria-liderar-el-futuro-de-los-rrhh\/","name":"\u00bfTe gustar\u00eda liderar el futuro de los RRHH con la IAG?","isPartOf":{"@id":"https:\/\/www.imancorp.es\/#website"},"primaryImageOfPage":{"@id":"https:\/\/www.imancorp.es\/2025\/01\/15\/te-gustaria-liderar-el-futuro-de-los-rrhh\/#primaryimage"},"image":{"@id":"https:\/\/www.imancorp.es\/2025\/01\/15\/te-gustaria-liderar-el-futuro-de-los-rrhh\/#primaryimage"},"thumbnailUrl":"https:\/\/www.imancorp.es\/wp-content\/uploads\/2025\/01\/BannerBlog.png","datePublished":"2025-01-15T16:56:17+00:00","dateModified":"2025-05-22T09:57:06+00:00","description":"Inscr\u00edbete a nuestro programa \u201cExperto en IAG aplicada a RRHH\u201d y descubre t\u00e9cnicas de Prompting, IA responsable y mucho m\u00e1s...","breadcrumb":{"@id":"https:\/\/www.imancorp.es\/2025\/01\/15\/te-gustaria-liderar-el-futuro-de-los-rrhh\/#breadcrumb"},"inLanguage":"ca","potentialAction":[{"@type":"ReadAction","target":["https:\/\/www.imancorp.es\/2025\/01\/15\/te-gustaria-liderar-el-futuro-de-los-rrhh\/"]}]},{"@type":"ImageObject","inLanguage":"ca","@id":"https:\/\/www.imancorp.es\/2025\/01\/15\/te-gustaria-liderar-el-futuro-de-los-rrhh\/#primaryimage","url":"https:\/\/www.imancorp.es\/wp-content\/uploads\/2025\/01\/BannerBlog.png","contentUrl":"https:\/\/www.imancorp.es\/wp-content\/uploads\/2025\/01\/BannerBlog.png","width":850,"height":342},{"@type":"BreadcrumbList","@id":"https:\/\/www.imancorp.es\/2025\/01\/15\/te-gustaria-liderar-el-futuro-de-los-rrhh\/#breadcrumb","itemListElement":[{"@type":"ListItem","position":1,"name":"Portada","item":"https:\/\/www.imancorp.es\/"},{"@type":"ListItem","position":2,"name":"\u00bfTe gustar\u00eda liderar el futuro de los RRHH?"}]},{"@type":"WebSite","@id":"https:\/\/www.imancorp.es\/#website","url":"https:\/\/www.imancorp.es\/","name":"IMAN","description":"","publisher":{"@id":"https:\/\/www.imancorp.es\/#organization"},"potentialAction":[{"@type":"SearchAction","target":{"@type":"EntryPoint","urlTemplate":"https:\/\/www.imancorp.es\/?s={search_term_string}"},"query-input":{"@type":"PropertyValueSpecification","valueRequired":true,"valueName":"search_term_string"}}],"inLanguage":"ca"},{"@type":"Organization","@id":"https:\/\/www.imancorp.es\/#organization","name":"IMAN","url":"https:\/\/www.imancorp.es\/","logo":{"@type":"ImageObject","inLanguage":"ca","@id":"https:\/\/www.imancorp.es\/#\/schema\/logo\/image\/","url":"https:\/\/www.imancorp.es\/wp-content\/uploads\/2024\/03\/Logotipo-IMAN.png","contentUrl":"https:\/\/www.imancorp.es\/wp-content\/uploads\/2024\/03\/Logotipo-IMAN.png","width":554,"height":150,"caption":"IMAN"},"image":{"@id":"https:\/\/www.imancorp.es\/#\/schema\/logo\/image\/"}},{"@type":"Person","@id":"https:\/\/www.imancorp.es\/#\/schema\/person\/a3137806a7fee6488144ac2b5a5c3335","name":"IMAN MKT"}]}},"_links":{"self":[{"href":"https:\/\/www.imancorp.es\/ca\/wp-json\/wp\/v2\/posts\/6863","targetHints":{"allow":["GET"]}}],"collection":[{"href":"https:\/\/www.imancorp.es\/ca\/wp-json\/wp\/v2\/posts"}],"about":[{"href":"https:\/\/www.imancorp.es\/ca\/wp-json\/wp\/v2\/types\/post"}],"author":[{"embeddable":true,"href":"https:\/\/www.imancorp.es\/ca\/wp-json\/wp\/v2\/users\/2"}],"replies":[{"embeddable":true,"href":"https:\/\/www.imancorp.es\/ca\/wp-json\/wp\/v2\/comments?post=6863"}],"version-history":[{"count":20,"href":"https:\/\/www.imancorp.es\/ca\/wp-json\/wp\/v2\/posts\/6863\/revisions"}],"predecessor-version":[{"id":7122,"href":"https:\/\/www.imancorp.es\/ca\/wp-json\/wp\/v2\/posts\/6863\/revisions\/7122"}],"wp:featuredmedia":[{"embeddable":true,"href":"https:\/\/www.imancorp.es\/ca\/wp-json\/wp\/v2\/media\/6864"}],"wp:attachment":[{"href":"https:\/\/www.imancorp.es\/ca\/wp-json\/wp\/v2\/media?parent=6863"}],"wp:term":[{"taxonomy":"category","embeddable":true,"href":"https:\/\/www.imancorp.es\/ca\/wp-json\/wp\/v2\/categories?post=6863"},{"taxonomy":"post_tag","embeddable":true,"href":"https:\/\/www.imancorp.es\/ca\/wp-json\/wp\/v2\/tags?post=6863"}],"curies":[{"name":"wp","href":"https:\/\/api.w.org\/{rel}","templated":true}]}}