{"id":4862,"date":"2024-06-05T09:31:31","date_gmt":"2024-06-05T07:31:31","guid":{"rendered":"https:\/\/www.imancorp.es\/?p=4862"},"modified":"2024-06-05T11:17:13","modified_gmt":"2024-06-05T09:17:13","slug":"nos-unimos-al-ministerio-de-igualdad-en-la-lucha-por-la-igualdad-de-genero","status":"publish","type":"post","link":"https:\/\/www.imancorp.es\/ca\/2024\/06\/05\/nos-unimos-al-ministerio-de-igualdad-en-la-lucha-por-la-igualdad-de-genero\/","title":{"rendered":"Ens unim al Ministeri d'Igualtat en la lluita per la igualtat de g\u00e8nere"},"content":{"rendered":"<div data-elementor-type=\"wp-post\" data-elementor-id=\"4862\" class=\"elementor elementor-4862\" data-elementor-post-type=\"post\">\n\t\t\t\t\t\t<section class=\"elementor-section elementor-top-section elementor-element elementor-element-f08e79e elementor-section-boxed elementor-section-height-default elementor-section-height-default\" data-id=\"f08e79e\" data-element_type=\"section\" data-e-type=\"section\">\n\t\t\t\t\t\t<div class=\"elementor-container elementor-column-gap-default\">\n\t\t\t\t\t<div class=\"elementor-column elementor-col-100 elementor-top-column elementor-element elementor-element-0537d08\" data-id=\"0537d08\" data-element_type=\"column\" data-e-type=\"column\">\n\t\t\t<div class=\"elementor-widget-wrap elementor-element-populated\">\n\t\t\t\t\t\t<div class=\"elementor-element elementor-element-fefdb7f elementor-widget elementor-widget-jeena-advanced-heading\" data-id=\"fefdb7f\" data-element_type=\"widget\" data-e-type=\"widget\" data-widget_type=\"jeena-advanced-heading.default\">\n\t\t\t\t<div class=\"elementor-widget-container\">\n\t\t\t\t\t        <div class=\"jeena-advanced-heading\">\r\n                        <h3 class=\"main-heading\"><span class=\"main-text\">Ens unim al Ministeri d'Igualtat en la lluita per la igualtat de g\u00e8nere<\/span><\/h3>        <\/div>\r\n        \t\t\t\t<\/div>\n\t\t\t\t<\/div>\n\t\t\t\t\t<\/div>\n\t\t<\/div>\n\t\t\t\t\t<\/div>\n\t\t<\/section>\n\t\t\t\t<section class=\"elementor-section elementor-top-section elementor-element elementor-element-e8eac0c elementor-section-boxed elementor-section-height-default elementor-section-height-default\" data-id=\"e8eac0c\" data-element_type=\"section\" data-e-type=\"section\">\n\t\t\t\t\t\t<div class=\"elementor-container elementor-column-gap-default\">\n\t\t\t\t\t<div class=\"elementor-column elementor-col-100 elementor-top-column elementor-element elementor-element-a981a4b\" data-id=\"a981a4b\" data-element_type=\"column\" data-e-type=\"column\">\n\t\t\t<div class=\"elementor-widget-wrap elementor-element-populated\">\n\t\t\t\t\t\t<div class=\"elementor-element elementor-element-8215f54 elementor-widget elementor-widget-text-editor\" data-id=\"8215f54\" data-element_type=\"widget\" data-e-type=\"widget\" data-widget_type=\"text-editor.default\">\n\t\t\t\t<div class=\"elementor-widget-container\">\n\t\t\t\t\t\t\t\t\t<p>En IMAN, estem conven\u00e7uts que la igualtat de g\u00e8nere no sols \u00e9s un dret hum\u00e0 fonamental, sin\u00f3 que tamb\u00e9 \u00e9s un dels fonaments essencials per a construir un m\u00f3n pac\u00edfic, pr\u00f2sper i sostenible.<\/p><p>Per aquesta ra\u00f3, estem compromesos a implementar mesures i a treballar, de manera constant i sostenible, per a fomentar la igualtat de g\u00e8nere, adherint-nos, amb IMAN Seguretat i IMAN Corporation \u2013 amb projecci\u00f3 d'estendre-ho a altres empreses del grup \u2013 al conveni del\u00a0<strong>Ministeri d'Igualtat del Govern d'Espanya<\/strong>\u00a0per a promoure la igualtat de g\u00e8nere en l'\u00e0mbit laboral.<\/p><p>Amb l'adhesi\u00f3 en el conveni ens comprometem a:<\/p><ul><li>Col\u00b7laborar en la difusi\u00f3 de les campanyes de sensibilitzaci\u00f3 i prevenci\u00f3 que el Ministeri d'Igualtat posi en marxa, utilitzant els seus canals de comunicaci\u00f3 propis.<\/li><li>Realitzar actuacions de conscienciaci\u00f3 social amb motiu de la commemoraci\u00f3 de determinats dies internacionals relacionats amb l'erradicaci\u00f3 de les diferents formes de viol\u00e8ncia contra les dones.<\/li><li>Remetre a la Delegaci\u00f3 del Govern contra la Viol\u00e8ncia de G\u00e8nere la informaci\u00f3 relativa al seguiment i execuci\u00f3 de les actuacions que dugui a terme en el marc d'aquest conveni.<\/li><\/ul><p>Aquesta col\u00b7laboraci\u00f3 reafirma el nostre comprom\u00eds amb la igualtat d'oportunitats i l'eliminaci\u00f3 de qualsevol forma de discriminaci\u00f3 en el lloc de treball. Creiem que la diversitat i la inclusi\u00f3 s\u00f3n fortaleses, i estem decidits a continuar promovent aquests valors<\/p>\t\t\t\t\t\t\t\t<\/div>\n\t\t\t\t<\/div>\n\t\t\t\t\t<\/div>\n\t\t<\/div>\n\t\t\t\t\t<\/div>\n\t\t<\/section>\n\t\t\t\t<\/div>","protected":false},"excerpt":{"rendered":"<p>Nos unimos al Ministerio de Igualdad en la lucha por la igualdad de g\u00e9nero En IMAN, estamos convencidos de que la igualdad de g\u00e9nero no solo es un derecho humano fundamental, sino que tambi\u00e9n es uno de los fundamentos esenciales para construir un mundo pac\u00edfico, pr\u00f3spero y sostenible. Por esta raz\u00f3n, estamos comprometidos a implementar [&hellip;]<\/p>\n","protected":false},"author":2,"featured_media":4352,"comment_status":"closed","ping_status":"open","sticky":false,"template":"","format":"standard","meta":{"_monsterinsights_skip_tracking":false,"_monsterinsights_sitenote_active":false,"_monsterinsights_sitenote_note":"","_monsterinsights_sitenote_category":0,"footnotes":""},"categories":[10],"tags":[],"class_list":["post-4862","post","type-post","status-publish","format-standard","has-post-thumbnail","hentry","category-news"],"yoast_head":"<!-- This site is optimized with the Yoast SEO plugin v27.2 - https:\/\/yoast.com\/product\/yoast-seo-wordpress\/ -->\n<title>Nos unimos al Ministerio de Igualdad en la lucha por la igualdad de g\u00e9nero<\/title>\n<meta name=\"robots\" content=\"index, follow, max-snippet:-1, max-image-preview:large, max-video-preview:-1\" \/>\n<link rel=\"canonical\" href=\"https:\/\/www.imancorp.es\/ca\/2024\/06\/05\/nos-unimos-al-ministerio-de-igualdad-en-la-lucha-por-la-igualdad-de-genero\/\" \/>\n<meta property=\"og:locale\" content=\"ca_ES\" \/>\n<meta property=\"og:type\" content=\"article\" \/>\n<meta property=\"og:title\" content=\"Nos unimos al Ministerio de Igualdad en la lucha por la igualdad de g\u00e9nero\" \/>\n<meta property=\"og:description\" content=\"Nos unimos al Ministerio de Igualdad en la lucha por la igualdad de g\u00e9nero En IMAN, estamos convencidos de que la igualdad de g\u00e9nero no solo es un derecho humano fundamental, sino que tambi\u00e9n es uno de los fundamentos esenciales para construir un mundo pac\u00edfico, pr\u00f3spero y sostenible. Por esta raz\u00f3n, estamos comprometidos a implementar [&hellip;]\" \/>\n<meta property=\"og:url\" content=\"https:\/\/www.imancorp.es\/ca\/2024\/06\/05\/nos-unimos-al-ministerio-de-igualdad-en-la-lucha-por-la-igualdad-de-genero\/\" \/>\n<meta property=\"og:site_name\" content=\"IMAN\" \/>\n<meta property=\"article:published_time\" content=\"2024-06-05T07:31:31+00:00\" \/>\n<meta property=\"article:modified_time\" content=\"2024-06-05T09:17:13+00:00\" \/>\n<meta property=\"og:image\" content=\"https:\/\/www.imancorp.es\/wp-content\/uploads\/2024\/04\/Logotipo-Grupo-IMAN.png\" \/>\n\t<meta property=\"og:image:width\" content=\"1334\" \/>\n\t<meta property=\"og:image:height\" content=\"1334\" \/>\n\t<meta property=\"og:image:type\" content=\"image\/png\" \/>\n<meta name=\"author\" content=\"IMAN MKT\" \/>\n<meta name=\"twitter:card\" content=\"summary_large_image\" \/>\n<meta name=\"twitter:label1\" content=\"Escrit per\" \/>\n\t<meta name=\"twitter:data1\" content=\"IMAN MKT\" \/>\n\t<meta name=\"twitter:label2\" content=\"Temps estimat de lectura\" \/>\n\t<meta name=\"twitter:data2\" content=\"2 minuts\" \/>\n<script type=\"application\/ld+json\" class=\"yoast-schema-graph\">{\"@context\":\"https:\/\/schema.org\",\"@graph\":[{\"@type\":\"Article\",\"@id\":\"https:\/\/www.imancorp.es\/2024\/06\/05\/nos-unimos-al-ministerio-de-igualdad-en-la-lucha-por-la-igualdad-de-genero\/#article\",\"isPartOf\":{\"@id\":\"https:\/\/www.imancorp.es\/2024\/06\/05\/nos-unimos-al-ministerio-de-igualdad-en-la-lucha-por-la-igualdad-de-genero\/\"},\"author\":{\"name\":\"IMAN MKT\",\"@id\":\"https:\/\/www.imancorp.es\/#\/schema\/person\/a3137806a7fee6488144ac2b5a5c3335\"},\"headline\":\"Nos unimos al Ministerio de Igualdad en la lucha por la igualdad de g\u00e9nero\",\"datePublished\":\"2024-06-05T07:31:31+00:00\",\"dateModified\":\"2024-06-05T09:17:13+00:00\",\"mainEntityOfPage\":{\"@id\":\"https:\/\/www.imancorp.es\/2024\/06\/05\/nos-unimos-al-ministerio-de-igualdad-en-la-lucha-por-la-igualdad-de-genero\/\"},\"wordCount\":284,\"publisher\":{\"@id\":\"https:\/\/www.imancorp.es\/#organization\"},\"image\":{\"@id\":\"https:\/\/www.imancorp.es\/2024\/06\/05\/nos-unimos-al-ministerio-de-igualdad-en-la-lucha-por-la-igualdad-de-genero\/#primaryimage\"},\"thumbnailUrl\":\"https:\/\/www.imancorp.es\/wp-content\/uploads\/2024\/04\/Logotipo-Grupo-IMAN.png\",\"articleSection\":[\"News\"],\"inLanguage\":\"ca\"},{\"@type\":\"WebPage\",\"@id\":\"https:\/\/www.imancorp.es\/2024\/06\/05\/nos-unimos-al-ministerio-de-igualdad-en-la-lucha-por-la-igualdad-de-genero\/\",\"url\":\"https:\/\/www.imancorp.es\/2024\/06\/05\/nos-unimos-al-ministerio-de-igualdad-en-la-lucha-por-la-igualdad-de-genero\/\",\"name\":\"Nos unimos al Ministerio de Igualdad en la lucha por la igualdad de g\u00e9nero\",\"isPartOf\":{\"@id\":\"https:\/\/www.imancorp.es\/#website\"},\"primaryImageOfPage\":{\"@id\":\"https:\/\/www.imancorp.es\/2024\/06\/05\/nos-unimos-al-ministerio-de-igualdad-en-la-lucha-por-la-igualdad-de-genero\/#primaryimage\"},\"image\":{\"@id\":\"https:\/\/www.imancorp.es\/2024\/06\/05\/nos-unimos-al-ministerio-de-igualdad-en-la-lucha-por-la-igualdad-de-genero\/#primaryimage\"},\"thumbnailUrl\":\"https:\/\/www.imancorp.es\/wp-content\/uploads\/2024\/04\/Logotipo-Grupo-IMAN.png\",\"datePublished\":\"2024-06-05T07:31:31+00:00\",\"dateModified\":\"2024-06-05T09:17:13+00:00\",\"breadcrumb\":{\"@id\":\"https:\/\/www.imancorp.es\/2024\/06\/05\/nos-unimos-al-ministerio-de-igualdad-en-la-lucha-por-la-igualdad-de-genero\/#breadcrumb\"},\"inLanguage\":\"ca\",\"potentialAction\":[{\"@type\":\"ReadAction\",\"target\":[\"https:\/\/www.imancorp.es\/2024\/06\/05\/nos-unimos-al-ministerio-de-igualdad-en-la-lucha-por-la-igualdad-de-genero\/\"]}]},{\"@type\":\"ImageObject\",\"inLanguage\":\"ca\",\"@id\":\"https:\/\/www.imancorp.es\/2024\/06\/05\/nos-unimos-al-ministerio-de-igualdad-en-la-lucha-por-la-igualdad-de-genero\/#primaryimage\",\"url\":\"https:\/\/www.imancorp.es\/wp-content\/uploads\/2024\/04\/Logotipo-Grupo-IMAN.png\",\"contentUrl\":\"https:\/\/www.imancorp.es\/wp-content\/uploads\/2024\/04\/Logotipo-Grupo-IMAN.png\",\"width\":1334,\"height\":1334,\"caption\":\"Logotipo Grupo IMAN\"},{\"@type\":\"BreadcrumbList\",\"@id\":\"https:\/\/www.imancorp.es\/2024\/06\/05\/nos-unimos-al-ministerio-de-igualdad-en-la-lucha-por-la-igualdad-de-genero\/#breadcrumb\",\"itemListElement\":[{\"@type\":\"ListItem\",\"position\":1,\"name\":\"Portada\",\"item\":\"https:\/\/www.imancorp.es\/\"},{\"@type\":\"ListItem\",\"position\":2,\"name\":\"Nos unimos al Ministerio de Igualdad en la lucha por la igualdad de g\u00e9nero\"}]},{\"@type\":\"WebSite\",\"@id\":\"https:\/\/www.imancorp.es\/#website\",\"url\":\"https:\/\/www.imancorp.es\/\",\"name\":\"IMAN\",\"description\":\"\",\"publisher\":{\"@id\":\"https:\/\/www.imancorp.es\/#organization\"},\"potentialAction\":[{\"@type\":\"SearchAction\",\"target\":{\"@type\":\"EntryPoint\",\"urlTemplate\":\"https:\/\/www.imancorp.es\/?s={search_term_string}\"},\"query-input\":{\"@type\":\"PropertyValueSpecification\",\"valueRequired\":true,\"valueName\":\"search_term_string\"}}],\"inLanguage\":\"ca\"},{\"@type\":\"Organization\",\"@id\":\"https:\/\/www.imancorp.es\/#organization\",\"name\":\"IMAN\",\"url\":\"https:\/\/www.imancorp.es\/\",\"logo\":{\"@type\":\"ImageObject\",\"inLanguage\":\"ca\",\"@id\":\"https:\/\/www.imancorp.es\/#\/schema\/logo\/image\/\",\"url\":\"https:\/\/www.imancorp.es\/wp-content\/uploads\/2024\/03\/Logotipo-IMAN.png\",\"contentUrl\":\"https:\/\/www.imancorp.es\/wp-content\/uploads\/2024\/03\/Logotipo-IMAN.png\",\"width\":554,\"height\":150,\"caption\":\"IMAN\"},\"image\":{\"@id\":\"https:\/\/www.imancorp.es\/#\/schema\/logo\/image\/\"}},{\"@type\":\"Person\",\"@id\":\"https:\/\/www.imancorp.es\/#\/schema\/person\/a3137806a7fee6488144ac2b5a5c3335\",\"name\":\"IMAN MKT\"}]}<\/script>\n<!-- \/ Yoast SEO plugin. -->","yoast_head_json":{"title":"Ens unim al Ministeri d'Igualtat en la lluita per la igualtat de g\u00e8nere","robots":{"index":"index","follow":"follow","max-snippet":"max-snippet:-1","max-image-preview":"max-image-preview:large","max-video-preview":"max-video-preview:-1"},"canonical":"https:\/\/www.imancorp.es\/ca\/2024\/06\/05\/nos-unimos-al-ministerio-de-igualdad-en-la-lucha-por-la-igualdad-de-genero\/","og_locale":"ca_ES","og_type":"article","og_title":"Nos unimos al Ministerio de Igualdad en la lucha por la igualdad de g\u00e9nero","og_description":"Nos unimos al Ministerio de Igualdad en la lucha por la igualdad de g\u00e9nero En IMAN, estamos convencidos de que la igualdad de g\u00e9nero no solo es un derecho humano fundamental, sino que tambi\u00e9n es uno de los fundamentos esenciales para construir un mundo pac\u00edfico, pr\u00f3spero y sostenible. Por esta raz\u00f3n, estamos comprometidos a implementar [&hellip;]","og_url":"https:\/\/www.imancorp.es\/ca\/2024\/06\/05\/nos-unimos-al-ministerio-de-igualdad-en-la-lucha-por-la-igualdad-de-genero\/","og_site_name":"IMAN","article_published_time":"2024-06-05T07:31:31+00:00","article_modified_time":"2024-06-05T09:17:13+00:00","og_image":[{"width":1334,"height":1334,"url":"https:\/\/www.imancorp.es\/wp-content\/uploads\/2024\/04\/Logotipo-Grupo-IMAN.png","type":"image\/png"}],"author":"IMAN MKT","twitter_card":"summary_large_image","twitter_misc":{"Escrit per":"IMAN MKT","Temps estimat de lectura":"2 minuts"},"schema":{"@context":"https:\/\/schema.org","@graph":[{"@type":"Article","@id":"https:\/\/www.imancorp.es\/2024\/06\/05\/nos-unimos-al-ministerio-de-igualdad-en-la-lucha-por-la-igualdad-de-genero\/#article","isPartOf":{"@id":"https:\/\/www.imancorp.es\/2024\/06\/05\/nos-unimos-al-ministerio-de-igualdad-en-la-lucha-por-la-igualdad-de-genero\/"},"author":{"name":"IMAN MKT","@id":"https:\/\/www.imancorp.es\/#\/schema\/person\/a3137806a7fee6488144ac2b5a5c3335"},"headline":"Nos unimos al Ministerio de Igualdad en la lucha por la igualdad de g\u00e9nero","datePublished":"2024-06-05T07:31:31+00:00","dateModified":"2024-06-05T09:17:13+00:00","mainEntityOfPage":{"@id":"https:\/\/www.imancorp.es\/2024\/06\/05\/nos-unimos-al-ministerio-de-igualdad-en-la-lucha-por-la-igualdad-de-genero\/"},"wordCount":284,"publisher":{"@id":"https:\/\/www.imancorp.es\/#organization"},"image":{"@id":"https:\/\/www.imancorp.es\/2024\/06\/05\/nos-unimos-al-ministerio-de-igualdad-en-la-lucha-por-la-igualdad-de-genero\/#primaryimage"},"thumbnailUrl":"https:\/\/www.imancorp.es\/wp-content\/uploads\/2024\/04\/Logotipo-Grupo-IMAN.png","articleSection":["News"],"inLanguage":"ca"},{"@type":"WebPage","@id":"https:\/\/www.imancorp.es\/2024\/06\/05\/nos-unimos-al-ministerio-de-igualdad-en-la-lucha-por-la-igualdad-de-genero\/","url":"https:\/\/www.imancorp.es\/2024\/06\/05\/nos-unimos-al-ministerio-de-igualdad-en-la-lucha-por-la-igualdad-de-genero\/","name":"Ens unim al Ministeri d'Igualtat en la lluita per la igualtat de g\u00e8nere","isPartOf":{"@id":"https:\/\/www.imancorp.es\/#website"},"primaryImageOfPage":{"@id":"https:\/\/www.imancorp.es\/2024\/06\/05\/nos-unimos-al-ministerio-de-igualdad-en-la-lucha-por-la-igualdad-de-genero\/#primaryimage"},"image":{"@id":"https:\/\/www.imancorp.es\/2024\/06\/05\/nos-unimos-al-ministerio-de-igualdad-en-la-lucha-por-la-igualdad-de-genero\/#primaryimage"},"thumbnailUrl":"https:\/\/www.imancorp.es\/wp-content\/uploads\/2024\/04\/Logotipo-Grupo-IMAN.png","datePublished":"2024-06-05T07:31:31+00:00","dateModified":"2024-06-05T09:17:13+00:00","breadcrumb":{"@id":"https:\/\/www.imancorp.es\/2024\/06\/05\/nos-unimos-al-ministerio-de-igualdad-en-la-lucha-por-la-igualdad-de-genero\/#breadcrumb"},"inLanguage":"ca","potentialAction":[{"@type":"ReadAction","target":["https:\/\/www.imancorp.es\/2024\/06\/05\/nos-unimos-al-ministerio-de-igualdad-en-la-lucha-por-la-igualdad-de-genero\/"]}]},{"@type":"ImageObject","inLanguage":"ca","@id":"https:\/\/www.imancorp.es\/2024\/06\/05\/nos-unimos-al-ministerio-de-igualdad-en-la-lucha-por-la-igualdad-de-genero\/#primaryimage","url":"https:\/\/www.imancorp.es\/wp-content\/uploads\/2024\/04\/Logotipo-Grupo-IMAN.png","contentUrl":"https:\/\/www.imancorp.es\/wp-content\/uploads\/2024\/04\/Logotipo-Grupo-IMAN.png","width":1334,"height":1334,"caption":"Logotipo Grupo IMAN"},{"@type":"BreadcrumbList","@id":"https:\/\/www.imancorp.es\/2024\/06\/05\/nos-unimos-al-ministerio-de-igualdad-en-la-lucha-por-la-igualdad-de-genero\/#breadcrumb","itemListElement":[{"@type":"ListItem","position":1,"name":"Portada","item":"https:\/\/www.imancorp.es\/"},{"@type":"ListItem","position":2,"name":"Nos unimos al Ministerio de Igualdad en la lucha por la igualdad de g\u00e9nero"}]},{"@type":"WebSite","@id":"https:\/\/www.imancorp.es\/#website","url":"https:\/\/www.imancorp.es\/","name":"IMAN","description":"","publisher":{"@id":"https:\/\/www.imancorp.es\/#organization"},"potentialAction":[{"@type":"SearchAction","target":{"@type":"EntryPoint","urlTemplate":"https:\/\/www.imancorp.es\/?s={search_term_string}"},"query-input":{"@type":"PropertyValueSpecification","valueRequired":true,"valueName":"search_term_string"}}],"inLanguage":"ca"},{"@type":"Organization","@id":"https:\/\/www.imancorp.es\/#organization","name":"IMAN","url":"https:\/\/www.imancorp.es\/","logo":{"@type":"ImageObject","inLanguage":"ca","@id":"https:\/\/www.imancorp.es\/#\/schema\/logo\/image\/","url":"https:\/\/www.imancorp.es\/wp-content\/uploads\/2024\/03\/Logotipo-IMAN.png","contentUrl":"https:\/\/www.imancorp.es\/wp-content\/uploads\/2024\/03\/Logotipo-IMAN.png","width":554,"height":150,"caption":"IMAN"},"image":{"@id":"https:\/\/www.imancorp.es\/#\/schema\/logo\/image\/"}},{"@type":"Person","@id":"https:\/\/www.imancorp.es\/#\/schema\/person\/a3137806a7fee6488144ac2b5a5c3335","name":"IMAN MKT"}]}},"_links":{"self":[{"href":"https:\/\/www.imancorp.es\/ca\/wp-json\/wp\/v2\/posts\/4862","targetHints":{"allow":["GET"]}}],"collection":[{"href":"https:\/\/www.imancorp.es\/ca\/wp-json\/wp\/v2\/posts"}],"about":[{"href":"https:\/\/www.imancorp.es\/ca\/wp-json\/wp\/v2\/types\/post"}],"author":[{"embeddable":true,"href":"https:\/\/www.imancorp.es\/ca\/wp-json\/wp\/v2\/users\/2"}],"replies":[{"embeddable":true,"href":"https:\/\/www.imancorp.es\/ca\/wp-json\/wp\/v2\/comments?post=4862"}],"version-history":[{"count":7,"href":"https:\/\/www.imancorp.es\/ca\/wp-json\/wp\/v2\/posts\/4862\/revisions"}],"predecessor-version":[{"id":4877,"href":"https:\/\/www.imancorp.es\/ca\/wp-json\/wp\/v2\/posts\/4862\/revisions\/4877"}],"wp:featuredmedia":[{"embeddable":true,"href":"https:\/\/www.imancorp.es\/ca\/wp-json\/wp\/v2\/media\/4352"}],"wp:attachment":[{"href":"https:\/\/www.imancorp.es\/ca\/wp-json\/wp\/v2\/media?parent=4862"}],"wp:term":[{"taxonomy":"category","embeddable":true,"href":"https:\/\/www.imancorp.es\/ca\/wp-json\/wp\/v2\/categories?post=4862"},{"taxonomy":"post_tag","embeddable":true,"href":"https:\/\/www.imancorp.es\/ca\/wp-json\/wp\/v2\/tags?post=4862"}],"curies":[{"name":"wp","href":"https:\/\/api.w.org\/{rel}","templated":true}]}}